{"id":25134,"date":"2023-01-28T09:59:34","date_gmt":"2023-01-28T12:59:34","guid":{"rendered":"https:\/\/clicdenoticias.com\/?p=25134"},"modified":"2023-01-28T09:59:35","modified_gmt":"2023-01-28T12:59:35","slug":"amendola-sobre-los-rugbiers-pudimos-demostrar-en-el-juicio-que-los-ocho-le-pegaron-a-fernando","status":"publish","type":"post","link":"https:\/\/clicdenoticias.com\/index.php\/2023\/01\/28\/amendola-sobre-los-rugbiers-pudimos-demostrar-en-el-juicio-que-los-ocho-le-pegaron-a-fernando\/","title":{"rendered":"<a href=\"javascript:popupwindow3('vercable2.php?nrocable=878321%27)\">AM\u00c9NDOLA, SOBRE LOS RUGBIERS: \u00abPUDIMOS DEMOSTRAR EN EL JUICIO QUE LOS OCHO LE PEGARON A FERNANDO\u00bb<\/a>"},"content":{"rendered":"\n<p><strong>El abogado Fabi\u00e1n Am\u00e9ndola, uno de los integrantes de la querella que representa a la familia B\u00e1ez Sosa, asegur\u00f3 que pidieron prisi\u00f3n perpetua para los ocho acusados \u00abporque actuaron de manera mancomunada e hicieron todo para que Fernando muriera\u00bb, al tiempo que remarc\u00f3 que si el Tribunal \u00abno toma la teor\u00eda de la coautor\u00eda funcional, deber\u00eda dividir entre coautores y part\u00edcipes necesarios\u00bb, rol que tiene similar pena.<\/strong><\/p>\n\n\n\n<p>&nbsp; &nbsp;\u00abSi hubiera alguna duda para el Tribunal y si cree que alguno no ejerci\u00f3 violencia directa contra Fernando, la situaci\u00f3n no variar\u00eda porque a partir de la coautor\u00eda funcional ese que no le peg\u00f3 pero que estuvo en el ataque y form\u00f3 parte de ese hecho tendr\u00eda la misma pena. Pudimos demostrar en el juicio que los ocho le pegaron\u00bb, precis\u00f3 el letrado en declaraciones al programa Tardes Policiales por XLFM Radio.<\/p>\n\n\n\n<p>&nbsp;&nbsp; Adem\u00e1s, agreg\u00f3: \u00abY si los jueces no quieren tomar la teor\u00eda de la coautor\u00eda funcional, tendr\u00edan que dividir entre coautores y part\u00edcipes. La jurisprudencia dice que el que participa en una cuesti\u00f3n como esta es part\u00edcipe necesario\u00bb.<\/p>\n\n\n\n<p>&nbsp;&nbsp; En ese sentido, remarc\u00f3 que \u00abdespu\u00e9s de lo que pas\u00f3 en el juicio se pudo demostrar que los ocho le pegaron a Fernando\u00bb, al tiempo que revel\u00f3 que dos detalles le indignaron del juicio.<\/p>\n\n\n\n<p>&nbsp;&nbsp; \u00abAdem\u00e1s de volcar la responsabilidad en los que quisieron salvarle la vida a Fernando, tambi\u00e9n me indign\u00f3 la actitud de los imputados porque vinieron al debate y se sentaron en un recinto donde estaban Graciela (Sosa) y Silvino (B\u00e1ez) y no tuvieron la menor empat\u00eda con ellos. No te digo un pedido de perd\u00f3n, pero alguna palabra por la v\u00edctima. Ninguno de ellos hizo eso y se vinieron a victimizar\u00bb, evalu\u00f3 el letrado.<\/p>\n\n\n\n<p>&nbsp;&nbsp; Am\u00e9ndola se refiri\u00f3 a la posibilidad de que los ocho procesados -M\u00e1ximo Thomsen, Ciro Pertossi, Luciano Pertossi, Lucas Pertossi, Ayrton Viollaz, Enzo Comelli, Mat\u00edas Benicelli y Blas Cinalli- no reciban prisi\u00f3n perpetua y en ese sentido, indic\u00f3: \u00abEsto no es un partido de f\u00fatbol en el que uno busca ganar por ganar. Qu\u00e9 mejor hubiera sido que Fernando no hubiera muerto y todo quedaba en tentativa de homicidio. Ah\u00ed hablar\u00edamos de otra cosa\u00bb.<\/p>\n\n\n\n<p>&nbsp;&nbsp; \u00abNo nos es grato pedir una prisi\u00f3n perpetua para ellos, pero cuando pas\u00f3 lo de Juan Guarino y Alejo Milanesi estuvimos de acuerdo y nos convencimos de que no tuvieron participaci\u00f3n activa, por lo que no podemos pedirle a ellos perpetua. Lo mismo Tom\u00e1s Colazo, quien de hecho le puso la mano a M\u00e1ximo Thomsen para que deje de patear\u00bb, detall\u00f3.<\/p>\n\n\n\n<p>&nbsp;&nbsp; Y enseguida a\u00f1adi\u00f3: \u00abA los ocho que estaban detenidos s\u00ed les corresponde perpetua porque actuaron de manera mancomunada e hicieron todo para que Fernando muriera. No dejaron que nadie se acerque a ayudarlo y la primera persona que se le acerca a Fernando es cuando ellos se fueron. No dejaron que nadie est\u00e9\u00bb.<\/p>\n\n\n\n<p>&nbsp;&nbsp; El abogado de la querella sostuvo que en caso de que haya otra condena inferior a los 35 a\u00f1os tambi\u00e9n lo entender\u00eda como justicia, pero aclar\u00f3: \u00abJusticia es lo que entendemos que les corresponde a los ocho imputados y es lo que pusimos en los alegatos\u00bb.<br><br>La \u00absoberbia\u00bb de los rugbiers.<br><br>El letrado tambi\u00e9n afirm\u00f3 que los rugbiers \u00abestuvieron tres a\u00f1os presos y transitaron el juicio oral con una soberbia, incluso le contestaron mal a la Fiscal\u00eda\u00bb.<\/p>\n\n\n\n<p>&nbsp;&nbsp; \u00abSon ocho personas que est\u00e1n detenidas hace tres a\u00f1os y todav\u00eda tienen el tup\u00e9 de venir a presentarse a un juicio de esa manera.<br>&nbsp;&nbsp;Imaginate lo que eran estos tipos las noches de los hechos con el poder que le daba la fuerza grupal que ten\u00edan\u00bb, precis\u00f3.<\/p>\n\n\n\n<p>&nbsp;&nbsp; Y agreg\u00f3: \u00abFacundo (Am\u00e9ndola), mi hijo, ley\u00f3 y mostr\u00f3 en su alegato un chat anterior al hecho, de horas antes, donde una persona de Z\u00e1rate le dec\u00eda `che, Fulano nos dijo que nos iba a cagar a palos\u00b4 y los procesados dijeron `vos quedate tranquilo que si te tocan, ellos ya saben\u00b4. Todos los que los conoc\u00edan sab\u00edan que con esta gente no se pod\u00edan meter porque pod\u00edan terminar mal.<br>&nbsp;&nbsp;Bueno, Fernando B\u00e1ez Sosa no lo sab\u00eda\u00bb.<\/p>\n\n\n\n<p>&nbsp;&nbsp; El abogado calific\u00f3 la declaraci\u00f3n de los rugbiers en el alegato del defensor Hugo Tomei como algo \u00abclaramente fingido\u00bb y explic\u00f3 que seg\u00fan los psic\u00f3logos \u00abeso se llama culpa persecutoria, que es un pedido de disculpas porque te persigue una condena, ya que ped\u00eds la disculpa del Tribunal que te va a condenar y no de la v\u00edctima\u00bb.<\/p>\n\n\n\n<p>&nbsp;&nbsp; Asimismo, consider\u00f3 que Thomsen llor\u00f3 porque \u00abde los ocho es el que m\u00e1s conciencia tiene de cual ser\u00e1 el futuro de ellos\u00bb, mientras que tambi\u00e9n se\u00f1al\u00f3 que la sentencia en este juicio \u00abva a servir no solo para la jurisprudencia, sino tambi\u00e9n para la sociedad\u00bb.<\/p>\n\n\n\n<p>&nbsp;&nbsp; \u00abSi ten\u00e9s un hijo que practica uno de estos deportes en los cuales la pr\u00e1ctica misma hace que tu hijo tenga una importante contextura f\u00edsica o adquiera destrezas que puestas al servicio de golpear a otro, genera un poder agresivo mucho mayor. Despu\u00e9s de esto los padres van a estar todo el d\u00eda diciendo o inculcando que no golpee a nadie, que se vaya de cualquier pelea\u00bb, evalu\u00f3.<\/p>\n\n\n\n<p>&nbsp;&nbsp; Por \u00faltimo, Am\u00e9ndola asegur\u00f3 que \u00abeste caso necesita que haga un callo en esta herida y que a partir de ah\u00ed los padres, los educadores, los profesores de deportes y los mismos practicantes sean conscientes que atacar a una persona, como fue atacado Fernando, y golpearla en la cabeza implica matarlo y eso te lleva directamente a la c\u00e1rcel\u00bb.<\/p>\n\n\n\n<p>&nbsp;&nbsp; El pr\u00f3ximo 6 de febrero en los Tribunales de Dolores se dar\u00e1 a conocer la sentencia contra los ocho rugbiers procesados por \u00abhomicidio doblemente agravado, por haberse cometido con alevos\u00eda y por premeditaci\u00f3n\u00bb y \u00ablesiones\u00bb contra los amigos de B\u00e1ez Sosa.<\/p>\n","protected":false},"excerpt":{"rendered":"<p>El abogado Fabi\u00e1n Am\u00e9ndola, uno de los integrantes de la querella que representa a la familia B\u00e1ez Sosa, asegur\u00f3 que pidieron prisi\u00f3n perpetua para los ocho acusados \u00abporque actuaron de manera mancomunada e hicieron todo para que Fernando muriera\u00bb, al tiempo que remarc\u00f3 que si el Tribunal \u00abno toma la teor\u00eda de la coautor\u00eda funcional, [&hellip;]<\/p>\n","protected":false},"author":2,"featured_media":25135,"comment_status":"open","ping_status":"open","sticky":false,"template":"","format":"standard","meta":{"footnotes":""},"categories":[45],"tags":[],"class_list":["post-25134","post","type-post","status-publish","format-standard","has-post-thumbnail","hentry","category-sociedad"],"_links":{"self":[{"href":"https:\/\/clicdenoticias.com\/index.php\/wp-json\/wp\/v2\/posts\/25134","targetHints":{"allow":["GET"]}}],"collection":[{"href":"https:\/\/clicdenoticias.com\/index.php\/wp-json\/wp\/v2\/posts"}],"about":[{"href":"https:\/\/clicdenoticias.com\/index.php\/wp-json\/wp\/v2\/types\/post"}],"author":[{"embeddable":true,"href":"https:\/\/clicdenoticias.com\/index.php\/wp-json\/wp\/v2\/users\/2"}],"replies":[{"embeddable":true,"href":"https:\/\/clicdenoticias.com\/index.php\/wp-json\/wp\/v2\/comments?post=25134"}],"version-history":[{"count":1,"href":"https:\/\/clicdenoticias.com\/index.php\/wp-json\/wp\/v2\/posts\/25134\/revisions"}],"predecessor-version":[{"id":25136,"href":"https:\/\/clicdenoticias.com\/index.php\/wp-json\/wp\/v2\/posts\/25134\/revisions\/25136"}],"wp:featuredmedia":[{"embeddable":true,"href":"https:\/\/clicdenoticias.com\/index.php\/wp-json\/wp\/v2\/media\/25135"}],"wp:attachment":[{"href":"https:\/\/clicdenoticias.com\/index.php\/wp-json\/wp\/v2\/media?parent=25134"}],"wp:term":[{"taxonomy":"category","embeddable":true,"href":"https:\/\/clicdenoticias.com\/index.php\/wp-json\/wp\/v2\/categories?post=25134"},{"taxonomy":"post_tag","embeddable":true,"href":"https:\/\/clicdenoticias.com\/index.php\/wp-json\/wp\/v2\/tags?post=25134"}],"curies":[{"name":"wp","href":"https:\/\/api.w.org\/{rel}","templated":true}]}}