{"id":26226,"date":"2023-02-28T13:03:50","date_gmt":"2023-02-28T16:03:50","guid":{"rendered":"https:\/\/clicdenoticias.com\/?p=26226"},"modified":"2023-02-28T13:03:50","modified_gmt":"2023-02-28T16:03:50","slug":"argentino-y-orgulloso-la-emocion-de-dibu-martinez-por-ser-elegido-como-mejor-arquero-del-mundo","status":"publish","type":"post","link":"https:\/\/clicdenoticias.com\/index.php\/2023\/02\/28\/argentino-y-orgulloso-la-emocion-de-dibu-martinez-por-ser-elegido-como-mejor-arquero-del-mundo\/","title":{"rendered":"<a href=\"javascript:popupwindow3('vercable2.php?nrocable=880593%27)\">\u00abARGENTINO Y ORGULLOSO\u00bb, LA EMOCI\u00d3N DE \u00abDIBU\u00bb MART\u00cdNEZ POR SER ELEGIDO COMO MEJOR ARQUERO DEL MUNDO<\/a>"},"content":{"rendered":"\n<p><strong>El arquero campe\u00f3n del mundo con la Selecci\u00f3n argentina Emiliano \u00abDibu\u00bb Mart\u00ednez fue elegido como el mejor en su puesto con la distinci\u00f3n que le entreg\u00f3 la FIFA en los premios The Best y a\u00fan perdura su alegr\u00eda.<\/strong><\/p>\n\n\n\n<p>&nbsp; &nbsp;\u00abArgentino y orgulloso\u00bb, fue el mensaje que public\u00f3 el guardavallas del Aston Villa junto a una foto suya con el premio que recibi\u00f3 en la gala que se realiz\u00f3 en Z\u00farich, Suiza, en su cuenta oficial de Twitter.<\/p>\n\n\n\n<p>&nbsp;&nbsp; Posteriormente, comparti\u00f3 una nueva publicaci\u00f3n en sus redes sociales, pero, en esta oportunidad, eligi\u00f3 subir el video que le realiz\u00f3 la FIFA para la presentaci\u00f3n de la terna de nominados y agreg\u00f3: \u00ab\u00a1Tan orgulloso! Gracias de nuevo\u00bb.<\/p>\n\n\n\n<p>&nbsp;&nbsp; Estas publicaciones se sumaron a la que retuite\u00f3 del presidente de AFA, Claudio \u00abChiqui\u00bb Tapia, quien lo felicit\u00f3 por su distinci\u00f3n con un sentido mensaje: \u00abGracias @emimartinezz1 por defender el arco de nuestra Selecci\u00f3n, y contagiar al resto del equipo de esa mentalidad ganadora y seguridad inigualable. En las canchitas, en los potreros y en las plazas de todo el mundo hay nenes y nenas jugando a ser el Dibu. Sos #TheBest, hermano.\u00bb.<\/p>\n\n\n\n<p>&nbsp;&nbsp; \u00abDibu\u00bb Mart\u00ednez, quien realiz\u00f3 una brillante labor durante la Copa del Mundo saliendo campe\u00f3n con Argentina y en la Premier League con el Aston Villa y eso le vali\u00f3 recibir el premio por parte de la FIFA, en la categor\u00eda de mejor arquero.<\/p>\n\n\n\n<p>&nbsp;&nbsp; El arquero surgido en Independiente se mostr\u00f3 muy emocionado al recibir el galard\u00f3n y al borde de las l\u00e1grimas, se pronunci\u00f3: \u00abEs un orgullo para mi pa\u00eds poder ganar un Mundial despu\u00e9s 36 a\u00f1os.<\/p>\n\n\n\n<p>&nbsp;&nbsp;Tambi\u00e9n para nuestra gente que se sabe lo emocional que es y m\u00e1s en el a\u00f1o dif\u00edcil que ven\u00edamos pasando econ\u00f3micamente\u00bb.<\/p>\n\n\n\n<p>&nbsp;&nbsp; \u00abMi familia es gran parte de esto. La gente del Aston Villa. La gente de la Selecci\u00f3n. (Lionel) Scaloni que me dio la chance de jugar en la Selecci\u00f3n. Cuando me preguntaban de chico qui\u00e9n era mi \u00eddolo referente como arquero, ver a mi mam\u00e1 limpiar edificios ocho nueve horas y mi pap\u00e1 trabajar, mis \u00eddolos son ellos\u00bb, finaliz\u00f3.<\/p>\n","protected":false},"excerpt":{"rendered":"<p>El arquero campe\u00f3n del mundo con la Selecci\u00f3n argentina Emiliano \u00abDibu\u00bb Mart\u00ednez fue elegido como el mejor en su puesto con la distinci\u00f3n que le entreg\u00f3 la FIFA en los premios The Best y a\u00fan perdura su alegr\u00eda. &nbsp; &nbsp;\u00abArgentino y orgulloso\u00bb, fue el mensaje que public\u00f3 el guardavallas del Aston Villa junto a una [&hellip;]<\/p>\n","protected":false},"author":2,"featured_media":26227,"comment_status":"open","ping_status":"open","sticky":false,"template":"","format":"standard","meta":{"footnotes":""},"categories":[50],"tags":[],"class_list":["post-26226","post","type-post","status-publish","format-standard","has-post-thumbnail","hentry","category-deportes"],"_links":{"self":[{"href":"https:\/\/clicdenoticias.com\/index.php\/wp-json\/wp\/v2\/posts\/26226","targetHints":{"allow":["GET"]}}],"collection":[{"href":"https:\/\/clicdenoticias.com\/index.php\/wp-json\/wp\/v2\/posts"}],"about":[{"href":"https:\/\/clicdenoticias.com\/index.php\/wp-json\/wp\/v2\/types\/post"}],"author":[{"embeddable":true,"href":"https:\/\/clicdenoticias.com\/index.php\/wp-json\/wp\/v2\/users\/2"}],"replies":[{"embeddable":true,"href":"https:\/\/clicdenoticias.com\/index.php\/wp-json\/wp\/v2\/comments?post=26226"}],"version-history":[{"count":1,"href":"https:\/\/clicdenoticias.com\/index.php\/wp-json\/wp\/v2\/posts\/26226\/revisions"}],"predecessor-version":[{"id":26228,"href":"https:\/\/clicdenoticias.com\/index.php\/wp-json\/wp\/v2\/posts\/26226\/revisions\/26228"}],"wp:featuredmedia":[{"embeddable":true,"href":"https:\/\/clicdenoticias.com\/index.php\/wp-json\/wp\/v2\/media\/26227"}],"wp:attachment":[{"href":"https:\/\/clicdenoticias.com\/index.php\/wp-json\/wp\/v2\/media?parent=26226"}],"wp:term":[{"taxonomy":"category","embeddable":true,"href":"https:\/\/clicdenoticias.com\/index.php\/wp-json\/wp\/v2\/categories?post=26226"},{"taxonomy":"post_tag","embeddable":true,"href":"https:\/\/clicdenoticias.com\/index.php\/wp-json\/wp\/v2\/tags?post=26226"}],"curies":[{"name":"wp","href":"https:\/\/api.w.org\/{rel}","templated":true}]}}