{"id":27066,"date":"2023-03-23T09:27:07","date_gmt":"2023-03-23T12:27:07","guid":{"rendered":"https:\/\/clicdenoticias.com\/?p=27066"},"modified":"2023-03-23T09:27:07","modified_gmt":"2023-03-23T12:27:07","slug":"la-hermana-de-marcelo-corazza-hablo-por-primera-vez-tras-la-detencion-estamos-destrozados","status":"publish","type":"post","link":"https:\/\/clicdenoticias.com\/index.php\/2023\/03\/23\/la-hermana-de-marcelo-corazza-hablo-por-primera-vez-tras-la-detencion-estamos-destrozados\/","title":{"rendered":"<a href=\"javascript:popupwindow3('vercable2.php?nrocable=882389%27)\">LA HERMANA DE MARCELO CORAZZA HABL\u00d3 POR PRIMERA VEZ TRAS LA DETENCI\u00d3N: \u00abESTAMOS DESTROZADOS\u00bb<\/a>"},"content":{"rendered":"\n<p><strong>La hermana de Marcelo Corazza, el ex ganador de Gran Hermano y productor de Telefe, quien fue detenido el lunes acusado por presunta trata de personas, corrupci\u00f3n de menores y abuso, habl\u00f3 por primera vez del momento familiar que est\u00e1n atravesando y revel\u00f3 que est\u00e1n \u00abdestrozados\u00bb.<\/strong><\/p>\n\n\n\n<p>&nbsp; &nbsp;Esa fue la frase que solt\u00f3 la mujer al ingresar a su casa en el partido bonaerense de Tigre.<br>&nbsp;&nbsp; \u00abEstamos destrozados\u00bb, expres\u00f3 ante un cronista de C5N y luego de entrar a la vivienda no dio m\u00e1s declaraciones.<\/p>\n\n\n\n<p>&nbsp;&nbsp; A la mujer se la vio inc\u00f3moda y angustiada por lo que est\u00e1 ocurriendo.<br>&nbsp;&nbsp; Este mi\u00e9rcoles trascendieron los dichos de Corazza tras ser imputado.<\/p>\n\n\n\n<p>&nbsp;&nbsp; \u00abQuiero decir que no tengo nada que ver con esto. Estoy pasando por el peor momento de mi vida. Desconozco a las personas que me nombraron\u00bb, fueron sus palabras, que fueron compartidas en Intrusos y que forman parte del expediente.&nbsp;.<\/p>\n\n\n\n<p>&nbsp;&nbsp; De esta manera, tom\u00f3 distancia respecto del resto de los involucrados en la causa: Andr\u00e9s Fernando Charpenet (53), Francisco Rolando Angelotti (46), sindicado como el presunto l\u00edder de la organizaci\u00f3n, y Ra\u00fal Ignacio Mermet (45).<\/p>\n\n\n\n<p>&nbsp;&nbsp; \u00abTengo familia, un sobrino nieto, un ahijado de 13 a\u00f1os y me da asco todo lo que escuch\u00e9. No puedo creer que puedan llegar a leer todo esto. Nunca en mi vida tuve una relaci\u00f3n con un menor de edad. No se me ocurrir\u00eda, por Dios\u00bb, cerr\u00f3.<\/p>\n\n\n\n<p>&nbsp;&nbsp; Angelotti y Mermet se negaron a declarar este mi\u00e9rcoles ante el juez Javier S\u00e1nchez Sarmiento.<\/p>\n\n\n\n<p>&nbsp;&nbsp; El martes, los otros dos implicados tampoco dieron su testimonio ante el magistrado, entre ellos Corazza, quien primero dijo ser inocente en una breve declaraci\u00f3n y luego se neg\u00f3 a responder preguntas.<\/p>\n","protected":false},"excerpt":{"rendered":"<p>La hermana de Marcelo Corazza, el ex ganador de Gran Hermano y productor de Telefe, quien fue detenido el lunes acusado por presunta trata de personas, corrupci\u00f3n de menores y abuso, habl\u00f3 por primera vez del momento familiar que est\u00e1n atravesando y revel\u00f3 que est\u00e1n \u00abdestrozados\u00bb. &nbsp; &nbsp;Esa fue la frase que solt\u00f3 la mujer [&hellip;]<\/p>\n","protected":false},"author":2,"featured_media":27067,"comment_status":"open","ping_status":"open","sticky":false,"template":"","format":"standard","meta":{"footnotes":""},"categories":[45],"tags":[],"class_list":["post-27066","post","type-post","status-publish","format-standard","has-post-thumbnail","hentry","category-sociedad"],"_links":{"self":[{"href":"https:\/\/clicdenoticias.com\/index.php\/wp-json\/wp\/v2\/posts\/27066","targetHints":{"allow":["GET"]}}],"collection":[{"href":"https:\/\/clicdenoticias.com\/index.php\/wp-json\/wp\/v2\/posts"}],"about":[{"href":"https:\/\/clicdenoticias.com\/index.php\/wp-json\/wp\/v2\/types\/post"}],"author":[{"embeddable":true,"href":"https:\/\/clicdenoticias.com\/index.php\/wp-json\/wp\/v2\/users\/2"}],"replies":[{"embeddable":true,"href":"https:\/\/clicdenoticias.com\/index.php\/wp-json\/wp\/v2\/comments?post=27066"}],"version-history":[{"count":1,"href":"https:\/\/clicdenoticias.com\/index.php\/wp-json\/wp\/v2\/posts\/27066\/revisions"}],"predecessor-version":[{"id":27068,"href":"https:\/\/clicdenoticias.com\/index.php\/wp-json\/wp\/v2\/posts\/27066\/revisions\/27068"}],"wp:featuredmedia":[{"embeddable":true,"href":"https:\/\/clicdenoticias.com\/index.php\/wp-json\/wp\/v2\/media\/27067"}],"wp:attachment":[{"href":"https:\/\/clicdenoticias.com\/index.php\/wp-json\/wp\/v2\/media?parent=27066"}],"wp:term":[{"taxonomy":"category","embeddable":true,"href":"https:\/\/clicdenoticias.com\/index.php\/wp-json\/wp\/v2\/categories?post=27066"},{"taxonomy":"post_tag","embeddable":true,"href":"https:\/\/clicdenoticias.com\/index.php\/wp-json\/wp\/v2\/tags?post=27066"}],"curies":[{"name":"wp","href":"https:\/\/api.w.org\/{rel}","templated":true}]}}