{"id":28222,"date":"2023-04-25T12:35:35","date_gmt":"2023-04-25T15:35:35","guid":{"rendered":"https:\/\/clicdenoticias.com\/?p=28222"},"modified":"2023-04-25T12:35:35","modified_gmt":"2023-04-25T15:35:35","slug":"incendio-en-el-deposito-en-el-que-funcionaba-iron-mountain-y-se-produjo-la-tragedia-en-2014","status":"publish","type":"post","link":"https:\/\/clicdenoticias.com\/index.php\/2023\/04\/25\/incendio-en-el-deposito-en-el-que-funcionaba-iron-mountain-y-se-produjo-la-tragedia-en-2014\/","title":{"rendered":"INCENDIO EN EL DEP\u00d3SITO EN EL QUE FUNCIONABA IRON MOUNTAIN Y SE PRODUJO LA TRAGEDIA EN 2014"},"content":{"rendered":"\n<p><strong>Un incendio se declar\u00f3 en el dep\u00f3sito del barrio porte\u00f1o de Barracas que perteneciera a la empresa Iron Mountain, en el que en 2014 se produjo otro hecho similar que termin\u00f3 en tragedia con el fallecimiento de ocho bomberos y dos agentes de Defensa Civil.<\/strong><\/p>\n\n\n\n<p>&nbsp; &nbsp;El siniestro, que inclu\u00eda llamas de importante altura, se origin\u00f3 en las instalaciones situadas en Jovellanos al 1.200, en la esquina de Quinquela Mart\u00edn.<\/p>\n\n\n\n<p>&nbsp;&nbsp; El incendio del 5 de febrero de 2014 en las instalaciones en las que funcionaba la empresas inform\u00e1tica deriv\u00f3 en que se derrumbara una pared, provocando el deceso de diez personas que trabajaban en la emergencia y la Justicia concluy\u00f3 que fue un hecho intencional.<\/p>\n\n\n\n<p>&nbsp;&nbsp; El titular del SAME, Alberto Crescenti, sostuvo este lunes que el fuego tom\u00f3 casi la mitad del predio y, en declaraciones al canal TN, enfatiz\u00f3 que \u00abgracias a Dios esta vez no tenemos que lamentar v\u00edctimas, aunque admiti\u00f3 cayendo la tarde que persist\u00eda el peligro de derrumbe en algunas de las paredes.<\/p>\n\n\n\n<p>&nbsp;&nbsp; Desde horas del mediod\u00eda trabajaban en el lugar una decena de dotaciones de bomberos de distintos cuarteles porte\u00f1os.<\/p>\n\n\n\n<p>&nbsp;&nbsp; El tr\u00e1gico incendio del 5 de febrero de 2014 comenz\u00f3 a las 8 de esa jornada.<\/p>\n\n\n\n<p>&nbsp;&nbsp; Tras iniciarse las tareas para extinguir el incendio, un grupo de bomberos ingres\u00f3 al predio por la calle Azara, mientras que otra unidad trabajaba sobre el acceso de Melchor Gaspar de Jovellanos.<\/p>\n\n\n\n<p>&nbsp;&nbsp; Pasadas las 9, la pared que daba a la calle Jovellanos se desplom\u00f3 encima del comisario inspector Leonardo Day; la subinspectora Anah\u00ed Garnica; los cabos primero Eduardo Adri\u00e1n Conesa y Dami\u00e1n V\u00e9liz; el cabo Maximiliano Mart\u00ednez; y el agente bombero Juan Mat\u00edas Monticelli, quienes fallecieron en el acto junto a los bomberos voluntarios Jos\u00e9 Luis M\u00e9ndez Araujo y Sebasti\u00e1n Campos, y el rescatista Pedro B\u00e1ricola, de Defensa Civil del Gobierno de la Ciudad de Buenos Aires.<\/p>\n\n\n\n<p>&nbsp;&nbsp; Adem\u00e1s, resultaron gravemente heridos los bomberos Daniel D\u00edaz Gauna, Juan Manuel L\u00f3pez Gaggiotti y Facundo Ambrosi, quien muri\u00f3 d\u00edas despu\u00e9s, el 17 de febrero, como consecuencia de m\u00faltiples traumatismos.<\/p>\n\n\n\n<p>&nbsp;&nbsp; Unos meses despu\u00e9s, el 28 de abril de 2014, personal de la Guardia de Auxilio y Emergencias del Gobierno de porte\u00f1o comenz\u00f3 a desmantelar los escombros del dep\u00f3sito y las labores se extendieron debido a que se realiz\u00f3 \u00abpor capas\u00bb, mientras se enviaba a peritar el material recolectado.<\/p>\n\n\n\n<p>&nbsp;&nbsp; En febrero de 2015, peritos de la Divisi\u00f3n Siniestros de la Polic\u00eda Federal y del Instituto Nacional de Tecnolog\u00eda Industrial (INTI) presentaron sus informes periciales, en los que se conclu\u00eda que el incendio podr\u00eda haber sido intencional.<\/p>\n\n\n\n<p>&nbsp;&nbsp; En diciembre pasado, la C\u00e1mara Nacional de Apelaciones en lo Criminal y Correccional, por mayor\u00eda, confirm\u00f3 los procesamientos de los 17 imputados en la causa en que se investiga el incendio.<\/p>\n\n\n\n<p>&nbsp;&nbsp; La decisi\u00f3n judicial fue tomada por la Sala VI de la C\u00e1mara, que adem\u00e1s revoc\u00f3 los sobreseimientos de tres de los involucrados, proces\u00f3 a uno de ellos y dict\u00f3 la falta de m\u00e9rito en relaci\u00f3n a los dos restantes, seg\u00fan public\u00f3 el Ministerio P\u00fablico Fiscal de la Naci\u00f3n.<\/p>\n","protected":false},"excerpt":{"rendered":"<p>Un incendio se declar\u00f3 en el dep\u00f3sito del barrio porte\u00f1o de Barracas que perteneciera a la empresa Iron Mountain, en el que en 2014 se produjo otro hecho similar que termin\u00f3 en tragedia con el fallecimiento de ocho bomberos y dos agentes de Defensa Civil. &nbsp; &nbsp;El siniestro, que inclu\u00eda llamas de importante altura, se [&hellip;]<\/p>\n","protected":false},"author":2,"featured_media":28224,"comment_status":"open","ping_status":"open","sticky":false,"template":"","format":"standard","meta":{"footnotes":""},"categories":[45],"tags":[],"class_list":["post-28222","post","type-post","status-publish","format-standard","has-post-thumbnail","hentry","category-sociedad"],"_links":{"self":[{"href":"https:\/\/clicdenoticias.com\/index.php\/wp-json\/wp\/v2\/posts\/28222","targetHints":{"allow":["GET"]}}],"collection":[{"href":"https:\/\/clicdenoticias.com\/index.php\/wp-json\/wp\/v2\/posts"}],"about":[{"href":"https:\/\/clicdenoticias.com\/index.php\/wp-json\/wp\/v2\/types\/post"}],"author":[{"embeddable":true,"href":"https:\/\/clicdenoticias.com\/index.php\/wp-json\/wp\/v2\/users\/2"}],"replies":[{"embeddable":true,"href":"https:\/\/clicdenoticias.com\/index.php\/wp-json\/wp\/v2\/comments?post=28222"}],"version-history":[{"count":1,"href":"https:\/\/clicdenoticias.com\/index.php\/wp-json\/wp\/v2\/posts\/28222\/revisions"}],"predecessor-version":[{"id":28225,"href":"https:\/\/clicdenoticias.com\/index.php\/wp-json\/wp\/v2\/posts\/28222\/revisions\/28225"}],"wp:featuredmedia":[{"embeddable":true,"href":"https:\/\/clicdenoticias.com\/index.php\/wp-json\/wp\/v2\/media\/28224"}],"wp:attachment":[{"href":"https:\/\/clicdenoticias.com\/index.php\/wp-json\/wp\/v2\/media?parent=28222"}],"wp:term":[{"taxonomy":"category","embeddable":true,"href":"https:\/\/clicdenoticias.com\/index.php\/wp-json\/wp\/v2\/categories?post=28222"},{"taxonomy":"post_tag","embeddable":true,"href":"https:\/\/clicdenoticias.com\/index.php\/wp-json\/wp\/v2\/tags?post=28222"}],"curies":[{"name":"wp","href":"https:\/\/api.w.org\/{rel}","templated":true}]}}