{"id":28226,"date":"2023-04-25T12:42:58","date_gmt":"2023-04-25T15:42:58","guid":{"rendered":"https:\/\/clicdenoticias.com\/?p=28226"},"modified":"2023-04-25T12:42:58","modified_gmt":"2023-04-25T15:42:58","slug":"ricardo-darin-confirmo-que-protagonizara-el-eternauta-para-netflix","status":"publish","type":"post","link":"https:\/\/clicdenoticias.com\/index.php\/2023\/04\/25\/ricardo-darin-confirmo-que-protagonizara-el-eternauta-para-netflix\/","title":{"rendered":"RICARDO DAR\u00cdN CONFIRM\u00d3 QUE PROTAGONIZAR\u00c1 \u00abEL ETERNAUTA\u00bb PARA NETFLIX"},"content":{"rendered":"\n<p><strong>El consagrado actor argentino Ricardo Dar\u00edn revel\u00f3 que formar\u00e1 parte de \u00abEl Eternauta\u00bb, el proyecto en el que est\u00e1 trabajando la plataforma Netflix.<\/strong><\/p>\n\n\n\n<p>&nbsp; &nbsp;La firma producir\u00e1 una serie inspirada en la historieta argentina escrita por H\u00e9ctor Germ\u00e1n Oesterheld y Francisco Solano L\u00f3pez.<\/p>\n\n\n\n<p>&nbsp;&nbsp; \u00abEs un proyecto enorme y muy complejo, es una versi\u00f3n aggiornada que pretende tener un alcance m\u00e1s all\u00e1 de las fronteras de nuestro pa\u00eds. Est\u00e1 basada en el c\u00f3mic real, pero hay una nueva versi\u00f3n y estamos todos muy entusiasmados y movilizados\u00bb, asegur\u00f3 el actor.<\/p>\n\n\n\n<p>&nbsp;&nbsp; \u00abEs un trabajo muy arduo, me estoy preparando porque es de una gran exigencia mental y f\u00edsica. Ser\u00e1 algo que no pasar\u00e1 desapercibido\u00bb, concluy\u00f3 Dar\u00edn.<\/p>\n\n\n\n<p>&nbsp;&nbsp; El actor tambi\u00e9n coment\u00f3 que la serie podr\u00eda contener dos temporadas y ser\u00e1 dirigida por Bruno Stagnaro (Okupas). \u00abEs la cabeza de una serie de guionistas detr\u00e1s de esta nueva versi\u00f3n.<\/p>\n\n\n\n<p>&nbsp;&nbsp;Han hecho un trabajo incre\u00edble y nos espera algo incre\u00edble\u00bb, sostuvo.<\/p>\n\n\n\n<p>&nbsp;&nbsp; Dar\u00edn habl\u00f3 sobre la importancia de la repercusi\u00f3n internacional del cine argentino.<br>&nbsp;&nbsp; \u00abEl cine es un traslado de nuestra cultura y nos da a conocer en el mundo de una forma muy buena, en momentos donde las noticias que llegan de la Argentina no son del todo agradables, debemos defender nuestro cine, nuestra cultura y nuestras artes\u00bb, expres\u00f3 el actor.<\/p>\n\n\n\n<p>&nbsp;&nbsp; Los planes de recrear \u00abEl Eternauta\u00bb hab\u00edan comenzado previos a la pandemia, sin embargo debi\u00f3 interrumpirse. Finalmente logr\u00f3 concretarse aunque debe cumplir con ciertos requisitos propuestos por los herederos de los creadores.<\/p>\n\n\n\n<p>&nbsp;&nbsp; Para poder realizarse la filmaci\u00f3n, la serie debe ser grabada en Buenos Aires, en donde transcurre la historia, y debe estar originalmente hablada en castellano.<\/p>\n\n\n\n<p>&nbsp;&nbsp; \u00abEl Eternauta\u00bb es un c\u00f3mic argentino escrito por H\u00e9ctor Germ\u00e1n Oesterheld, desaparecido durante la \u00faltima dictadura militar, y dibujado por Francisco Solano L\u00f3pez.<\/p>\n\n\n\n<p>&nbsp;&nbsp; La historia es una met\u00e1fora de los hechos ocurridos en la dictadura y narra una invasi\u00f3n de seres sobrenaturales que se apoderan del mundo mientras cae una especie de nieve que termina con la vida de las personas.<\/p>\n\n\n\n<p>&nbsp;&nbsp; Dar\u00edn interpretar\u00eda el personaje de Juan Salvo, un eternauta que viaja en el tiempo para buscar a su familia.<\/p>\n","protected":false},"excerpt":{"rendered":"<p>El consagrado actor argentino Ricardo Dar\u00edn revel\u00f3 que formar\u00e1 parte de \u00abEl Eternauta\u00bb, el proyecto en el que est\u00e1 trabajando la plataforma Netflix. &nbsp; &nbsp;La firma producir\u00e1 una serie inspirada en la historieta argentina escrita por H\u00e9ctor Germ\u00e1n Oesterheld y Francisco Solano L\u00f3pez. &nbsp;&nbsp; \u00abEs un proyecto enorme y muy complejo, es una versi\u00f3n aggiornada [&hellip;]<\/p>\n","protected":false},"author":2,"featured_media":28227,"comment_status":"open","ping_status":"open","sticky":false,"template":"","format":"standard","meta":{"footnotes":""},"categories":[45],"tags":[],"class_list":["post-28226","post","type-post","status-publish","format-standard","has-post-thumbnail","hentry","category-sociedad"],"_links":{"self":[{"href":"https:\/\/clicdenoticias.com\/index.php\/wp-json\/wp\/v2\/posts\/28226","targetHints":{"allow":["GET"]}}],"collection":[{"href":"https:\/\/clicdenoticias.com\/index.php\/wp-json\/wp\/v2\/posts"}],"about":[{"href":"https:\/\/clicdenoticias.com\/index.php\/wp-json\/wp\/v2\/types\/post"}],"author":[{"embeddable":true,"href":"https:\/\/clicdenoticias.com\/index.php\/wp-json\/wp\/v2\/users\/2"}],"replies":[{"embeddable":true,"href":"https:\/\/clicdenoticias.com\/index.php\/wp-json\/wp\/v2\/comments?post=28226"}],"version-history":[{"count":1,"href":"https:\/\/clicdenoticias.com\/index.php\/wp-json\/wp\/v2\/posts\/28226\/revisions"}],"predecessor-version":[{"id":28228,"href":"https:\/\/clicdenoticias.com\/index.php\/wp-json\/wp\/v2\/posts\/28226\/revisions\/28228"}],"wp:featuredmedia":[{"embeddable":true,"href":"https:\/\/clicdenoticias.com\/index.php\/wp-json\/wp\/v2\/media\/28227"}],"wp:attachment":[{"href":"https:\/\/clicdenoticias.com\/index.php\/wp-json\/wp\/v2\/media?parent=28226"}],"wp:term":[{"taxonomy":"category","embeddable":true,"href":"https:\/\/clicdenoticias.com\/index.php\/wp-json\/wp\/v2\/categories?post=28226"},{"taxonomy":"post_tag","embeddable":true,"href":"https:\/\/clicdenoticias.com\/index.php\/wp-json\/wp\/v2\/tags?post=28226"}],"curies":[{"name":"wp","href":"https:\/\/api.w.org\/{rel}","templated":true}]}}