{"id":28847,"date":"2023-05-11T14:23:39","date_gmt":"2023-05-11T17:23:39","guid":{"rendered":"https:\/\/clicdenoticias.com\/?p=28847"},"modified":"2023-05-11T14:23:40","modified_gmt":"2023-05-11T17:23:40","slug":"dia-del-himno-nacional-argentino-por-que-se-celebra-el-11-de-mayo","status":"publish","type":"post","link":"https:\/\/clicdenoticias.com\/index.php\/2023\/05\/11\/dia-del-himno-nacional-argentino-por-que-se-celebra-el-11-de-mayo\/","title":{"rendered":"D\u00cdA DEL HIMNO NACIONAL ARGENTINO: \u00bfPOR QU\u00c9 SE CELEBRA EL 11 DE MAYO?"},"content":{"rendered":"\n<p><strong>El D\u00eda del Himno Nacional Argentino se celebra todos los 11 de mayo en conmemoraci\u00f3n a la fecha en la que la Asamblea General Constituyente del a\u00f1o 1813 sancion\u00f3 como Himno a la marcha patri\u00f3tica que llevaba letra de Vicente L\u00f3pez y Planes y m\u00fasica de Blas Parera.<\/strong><\/p>\n\n\n\n<p>&nbsp; &nbsp;La canci\u00f3n se interpret\u00f3 por primera vez en una de la tradicionales tertulias que se daban en la casa de Mariquita S\u00e1nchez de Thompson y la versi\u00f3n original duraba 20 minutos, mientras que reci\u00e9n el 24 de abril de 1944 se estableci\u00f3 la letra oficial tal como se conoce en la actualidad.<\/p>\n\n\n\n<p>&nbsp;&nbsp; La obra teatral El 25 de Mayo de Luis Morante fue el antecedente que dio lugar a la creaci\u00f3n de la canci\u00f3n patria. La puesta terminaba con un himno escrito por Morante, con m\u00fasica del espa\u00f1ol Blas Parera. Como espectador, Vicente L\u00f3pez y Planes se inspir\u00f3 en esa obra y escribi\u00f3 la primera estrofa de un himno que reemplazar\u00eda al anterior.<\/p>\n\n\n\n<p>&nbsp;&nbsp; El 22 de julio de 1812, el Primer Triunvirato le sugiri\u00f3 al Cabildo de Buenos Aires la composici\u00f3n de una marcha de la patria para ser interpretada al principio de las funciones teatrales y en las escuelas al finalizar diariamente las clases, debiendo el p\u00fablico escucharla de pie. Al a\u00f1o siguiente, la Asamblea General Constituyente de 1813 le encarg\u00f3 a Vicente L\u00f3pez y Planes la letra del himno y a Blas Parera, la composici\u00f3n de una nueva m\u00fasica y el 11 de mayo de 1813 se aprob\u00f3 como Marcha Patri\u00f3tica.<br>.<br>Los cambios desde su versi\u00f3n original hasta la actual.<br>.<br>A trav\u00e9s de su historia, la canci\u00f3n patria sufri\u00f3 varios cambios. Pas\u00f3 a ser Canci\u00f3n patri\u00f3tica nacional, Canci\u00f3n patri\u00f3tica hasta que una copia -publicada en 1847- lo llam\u00f3 Himno Nacional Argentino, nombre que conserva hasta la actualidad. La letra original era independentista y antiespa\u00f1ola de acuerdo al esp\u00edritu de la \u00e9poca. Tiempo despu\u00e9s, la Asamblea del 1813 pidi\u00f3 un \u00abarreglo\u00bb en la letra con la idea de conservar un acercamiento pol\u00edtico con diplom\u00e1ticos espa\u00f1oles.<\/p>\n\n\n\n<p>&nbsp;&nbsp; En 1860, Juan Pedro Esnaola realiz\u00f3 algunos cambios a la m\u00fasica, bas\u00e1ndose en anotaciones manuscritas del compositor, creando una versi\u00f3n orquestada m\u00e1s rica desde lo arm\u00f3nico y su versi\u00f3n original dura 20 minutos. En 1900, se reglament\u00f3 por decreto del Poder Ejecutivo utilizar una versi\u00f3n reducida de la marcha para actos oficiales y p\u00fablicos, mientras que en 1924, se abrevi\u00f3 a entre 3 minutos 30 segundos y 3 minutos 53 segundos.<\/p>\n\n\n\n<p>&nbsp;&nbsp; Tiempo despu\u00e9s, gracias al hallazgo de una partitura en el Museo Hist\u00f3rico Nacional atribuida a Blas Parera, se introdujeron arreglos a la versi\u00f3n de Esnaola y esta se estren\u00f3 al p\u00fablico en el Teatro Col\u00f3n el 25 de mayo de 1927. Por decreto del entonces presidente, Marcelo T. de Alvear, se aconsej\u00f3 hacer una versi\u00f3n m\u00e1s parecida a la de Esnaola, el 24 de abril de 1944, la marcha fue aprobada como himno y su versi\u00f3n vigente corresponde a la transcripci\u00f3n realizada por Luis Lareta que se ajusta a lo acordado el 25 de septiembre de 1928 por el Poder Ejecutivo Nacional.<\/p>\n","protected":false},"excerpt":{"rendered":"<p>El D\u00eda del Himno Nacional Argentino se celebra todos los 11 de mayo en conmemoraci\u00f3n a la fecha en la que la Asamblea General Constituyente del a\u00f1o 1813 sancion\u00f3 como Himno a la marcha patri\u00f3tica que llevaba letra de Vicente L\u00f3pez y Planes y m\u00fasica de Blas Parera. &nbsp; &nbsp;La canci\u00f3n se interpret\u00f3 por primera [&hellip;]<\/p>\n","protected":false},"author":2,"featured_media":28848,"comment_status":"open","ping_status":"open","sticky":false,"template":"","format":"standard","meta":{"footnotes":""},"categories":[45],"tags":[],"class_list":["post-28847","post","type-post","status-publish","format-standard","has-post-thumbnail","hentry","category-sociedad"],"_links":{"self":[{"href":"https:\/\/clicdenoticias.com\/index.php\/wp-json\/wp\/v2\/posts\/28847","targetHints":{"allow":["GET"]}}],"collection":[{"href":"https:\/\/clicdenoticias.com\/index.php\/wp-json\/wp\/v2\/posts"}],"about":[{"href":"https:\/\/clicdenoticias.com\/index.php\/wp-json\/wp\/v2\/types\/post"}],"author":[{"embeddable":true,"href":"https:\/\/clicdenoticias.com\/index.php\/wp-json\/wp\/v2\/users\/2"}],"replies":[{"embeddable":true,"href":"https:\/\/clicdenoticias.com\/index.php\/wp-json\/wp\/v2\/comments?post=28847"}],"version-history":[{"count":1,"href":"https:\/\/clicdenoticias.com\/index.php\/wp-json\/wp\/v2\/posts\/28847\/revisions"}],"predecessor-version":[{"id":28849,"href":"https:\/\/clicdenoticias.com\/index.php\/wp-json\/wp\/v2\/posts\/28847\/revisions\/28849"}],"wp:featuredmedia":[{"embeddable":true,"href":"https:\/\/clicdenoticias.com\/index.php\/wp-json\/wp\/v2\/media\/28848"}],"wp:attachment":[{"href":"https:\/\/clicdenoticias.com\/index.php\/wp-json\/wp\/v2\/media?parent=28847"}],"wp:term":[{"taxonomy":"category","embeddable":true,"href":"https:\/\/clicdenoticias.com\/index.php\/wp-json\/wp\/v2\/categories?post=28847"},{"taxonomy":"post_tag","embeddable":true,"href":"https:\/\/clicdenoticias.com\/index.php\/wp-json\/wp\/v2\/tags?post=28847"}],"curies":[{"name":"wp","href":"https:\/\/api.w.org\/{rel}","templated":true}]}}