{"id":29231,"date":"2023-05-22T06:50:59","date_gmt":"2023-05-22T09:50:59","guid":{"rendered":"https:\/\/clicdenoticias.com\/?p=29231"},"modified":"2023-05-22T06:50:59","modified_gmt":"2023-05-22T09:50:59","slug":"sarlo-sobre-milei-repite-lo-que-dice-la-gente-pero-eso-no-quiere-decir-que-pueda-dirigirla","status":"publish","type":"post","link":"https:\/\/clicdenoticias.com\/index.php\/2023\/05\/22\/sarlo-sobre-milei-repite-lo-que-dice-la-gente-pero-eso-no-quiere-decir-que-pueda-dirigirla\/","title":{"rendered":"SARLO, SOBRE MILEI: \u00abREPITE LO QUE DICE LA GENTE, PERO ESO NO QUIERE DECIR QUE PUEDA\u00a0DIRIGIRLA\u00bb"},"content":{"rendered":"\n<p><strong>La escritora y pensadora argentina Beatriz Sarlo asegur\u00f3 que el precandidato presidencial de La Libertad Avanza (LLA), Javier Milei, \u00abrepite lo que escucha en la calle\u00bb, pero -en su criterio- eso no significa que \u00abpueda dirigir\u00bb a sus eventuales votantes.&nbsp;<\/strong><\/p>\n\n\n\n<p>&nbsp; &nbsp;\u00abUn l\u00edder como Milei, que repite lo que yo escucho por la calle. Es incre\u00edble, pero eso no quiere decir que Milei pueda dirigir a esa gente. Usted va por la calle y para a 15 personas y les dice &#8216;\u00bfy los pol\u00edticos?&#8217;, responden &#8216;son todos iguales, todos quieren llenarse, a m\u00ed no me dan nada'\u00bb, sostuvo la intelectual en declaraciones period\u00edsticas. .<\/p>\n\n\n\n<p>&nbsp;&nbsp; En ese sentido, continu\u00f3: \u00abMilei repite eso, ahora no organiza eso. Suponiendo que eso fuera cierto, que no es cierto, los pol\u00edticos no son todos iguales; los pol\u00edticos no roban todos, los pol\u00edticos algo reparten de lo que tiene el Estado, no voy a hacer una condena a lo Milei de la clase pol\u00edtica\u00bb.<\/p>\n\n\n\n<p>&nbsp;&nbsp; Para Sarlo, los seguidores del economista tienen esa \u00abconvicci\u00f3n a\u00fan cuando pase un dirigente pol\u00edtico con un cami\u00f3n distribuyendo aquello que prometi\u00f3\u00bb.<\/p>\n\n\n\n<p>&nbsp;&nbsp; Adem\u00e1s, agreg\u00f3 que los perfiles \u00abantipol\u00edticos\u00bb existen en todo el mundo, pero advirti\u00f3 que en la&nbsp;Argentina se ha acentuado de un \u00abmodo espectacular, que no exist\u00eda\u00bb.<\/p>\n\n\n\n<p>&nbsp;&nbsp; El presidencialista libertario, seg\u00fan indican los sondeos de opini\u00f3n, superar\u00eda el 20 por ciento de los votos en las pr\u00f3ximas elecciones Primarias Abiertas Simult\u00e1neas y Obligatorias (PASO), lo que complica tanto al oficialismo como a la alianza opositora de Juntos por el Cambio.<\/p>\n","protected":false},"excerpt":{"rendered":"<p>La escritora y pensadora argentina Beatriz Sarlo asegur\u00f3 que el precandidato presidencial de La Libertad Avanza (LLA), Javier Milei, \u00abrepite lo que escucha en la calle\u00bb, pero -en su criterio- eso no significa que \u00abpueda dirigir\u00bb a sus eventuales votantes.&nbsp; &nbsp; &nbsp;\u00abUn l\u00edder como Milei, que repite lo que yo escucho por la calle. Es [&hellip;]<\/p>\n","protected":false},"author":2,"featured_media":29232,"comment_status":"open","ping_status":"open","sticky":false,"template":"","format":"standard","meta":{"footnotes":""},"categories":[43],"tags":[],"class_list":["post-29231","post","type-post","status-publish","format-standard","has-post-thumbnail","hentry","category-politica"],"_links":{"self":[{"href":"https:\/\/clicdenoticias.com\/index.php\/wp-json\/wp\/v2\/posts\/29231","targetHints":{"allow":["GET"]}}],"collection":[{"href":"https:\/\/clicdenoticias.com\/index.php\/wp-json\/wp\/v2\/posts"}],"about":[{"href":"https:\/\/clicdenoticias.com\/index.php\/wp-json\/wp\/v2\/types\/post"}],"author":[{"embeddable":true,"href":"https:\/\/clicdenoticias.com\/index.php\/wp-json\/wp\/v2\/users\/2"}],"replies":[{"embeddable":true,"href":"https:\/\/clicdenoticias.com\/index.php\/wp-json\/wp\/v2\/comments?post=29231"}],"version-history":[{"count":1,"href":"https:\/\/clicdenoticias.com\/index.php\/wp-json\/wp\/v2\/posts\/29231\/revisions"}],"predecessor-version":[{"id":29233,"href":"https:\/\/clicdenoticias.com\/index.php\/wp-json\/wp\/v2\/posts\/29231\/revisions\/29233"}],"wp:featuredmedia":[{"embeddable":true,"href":"https:\/\/clicdenoticias.com\/index.php\/wp-json\/wp\/v2\/media\/29232"}],"wp:attachment":[{"href":"https:\/\/clicdenoticias.com\/index.php\/wp-json\/wp\/v2\/media?parent=29231"}],"wp:term":[{"taxonomy":"category","embeddable":true,"href":"https:\/\/clicdenoticias.com\/index.php\/wp-json\/wp\/v2\/categories?post=29231"},{"taxonomy":"post_tag","embeddable":true,"href":"https:\/\/clicdenoticias.com\/index.php\/wp-json\/wp\/v2\/tags?post=29231"}],"curies":[{"name":"wp","href":"https:\/\/api.w.org\/{rel}","templated":true}]}}