{"id":3097,"date":"2021-06-13T00:09:48","date_gmt":"2021-06-13T00:09:48","guid":{"rendered":"https:\/\/clickdenoticias.com.ar\/?p=3097"},"modified":"2021-06-13T00:10:12","modified_gmt":"2021-06-13T00:10:12","slug":"brote-de-coronavirus-en-venezuela-trece-jugadores-positivos-y-15-convocados-de-emergencia-para-el-debut-ante-brasil","status":"publish","type":"post","link":"https:\/\/clicdenoticias.com\/index.php\/2021\/06\/13\/brote-de-coronavirus-en-venezuela-trece-jugadores-positivos-y-15-convocados-de-emergencia-para-el-debut-ante-brasil\/","title":{"rendered":"BROTE DE CORONAVIRUS EN VENEZUELA: TRECE JUGADORES POSITIVOS Y 15 CONVOCADOS DE EMERGENCIA PARA EL DEBUT ANTE BRASIL"},"content":{"rendered":"\n<p><strong>La delegaci\u00f3n de Venezuela present\u00f3 hoy un brote de coronavirus tras la aparici\u00f3n de trece futbolistas positivos, lo que oblig\u00f3 a la convocatoria de emergencia de 15 jugadores para debutar este domingo ante el anfitri\u00f3n Brasil, en el encuentro inaugural de la Copa Am\u00e9rica previsto en la ciudad de Brasilia.<\/strong><\/p>\n\n\n\n<p>&nbsp; &nbsp;Dos de los casos, Wilker \u00c1ngel y Rolf Feltscher, aparecieron antes del viaje desde Caracas, donde tambi\u00e9n fue dejado de lado el capit\u00e1n Tom\u00e1s Rinc\u00f3n por haber presentado s\u00edntomas gripales y malestar f\u00edsico, compatibles con el coronavirus.<\/p>\n\n\n\n<p>&nbsp;&nbsp; El testeo PCR de Rinc\u00f3n, jugador del Atalanta y estrella de la \u00abVinotinto\u00bb ante la baja de Salom\u00f3n Rond\u00f3n, dio negativo este s\u00e1bado y se espera para saber si podr\u00e1 viajar en las pr\u00f3ximas horas.<\/p>\n\n\n\n<p>&nbsp;&nbsp; El comunicado de la Federaci\u00f3n Venezolana no detall\u00f3 los nombres de los once afectados en tierra brasile\u00f1a y se dio casi doce horas despu\u00e9s de que lo hiciera la Secretar\u00eda de Salud del Distrito Federal de Brasil.<\/p>\n\n\n\n<p>&nbsp;&nbsp; Seg\u00fan ese primer comunicado del organismo capitalino, \u00abtodos los diagnosticados con el virus se encuentran asintom\u00e1ticos y aislados en habitaciones individuales y monitoreados por la Conmebol y el Centro de Informaci\u00f3n Estrat\u00e9gica de Vigilancia en Salud\u00bb.<\/p>\n\n\n\n<p>&nbsp;&nbsp; Cerca de las 19:00 (hora argentina), Venezuela inform\u00f3 que su entrenador portugu\u00e9s Jos\u00e9 Peseiro convoc\u00f3 a quince futbolistas que ya viajaban rumbo a la concentraci\u00f3n, entre ellos Jan Hurtado, cuyo pase es propiedad de Boca y actualmente juega en el Bragantino de Brasil.<\/p>\n\n\n\n<p>&nbsp;&nbsp; La lista es la siguiente:<\/p>\n\n\n\n<p>Arqueros: Yhonatan Yustiz (Aragua), Giancarlo Schiavone (Metropolitanos) y Luis Romero (Portuguesa).<\/p>\n\n\n\n<p>&nbsp;&nbsp; Defensores: Eduardo Fereira (Caracas), Diego Osorio y Francisco La Mant\u00eda (Deportivo La Guaira).<\/p>\n\n\n\n<p>&nbsp;&nbsp; Mediocampistas: Leonardo Flores (Caracas), Cristhian Rivas (Estudiantes de M\u00e9rida), Christian Larotonda (Metropolitanos), Abrahan Bahacille (Metropolitanos), Richard Figueroa (Zamora) y Robinson Flores (Metropolitanos).<\/p>\n\n\n\n<p>&nbsp;&nbsp; Delanteros: Jan Hurtado (Redbull Bragantino-BRA), Eric Ram\u00edrez (Dunajska Streda- ESL) y Daniel P\u00e9rez (Brujas-BEL).<\/p>\n","protected":false},"excerpt":{"rendered":"<p>La delegaci\u00f3n de Venezuela present\u00f3 hoy un brote de coronavirus tras la aparici\u00f3n de trece futbolistas positivos, lo que oblig\u00f3 a la convocatoria de emergencia de 15 jugadores para debutar este domingo ante el anfitri\u00f3n Brasil, en el encuentro inaugural de la Copa Am\u00e9rica previsto en la ciudad de Brasilia. &nbsp; &nbsp;Dos de los casos, [&hellip;]<\/p>\n","protected":false},"author":2,"featured_media":3098,"comment_status":"open","ping_status":"open","sticky":false,"template":"","format":"standard","meta":{"footnotes":""},"categories":[50],"tags":[],"class_list":["post-3097","post","type-post","status-publish","format-standard","has-post-thumbnail","hentry","category-deportes"],"_links":{"self":[{"href":"https:\/\/clicdenoticias.com\/index.php\/wp-json\/wp\/v2\/posts\/3097","targetHints":{"allow":["GET"]}}],"collection":[{"href":"https:\/\/clicdenoticias.com\/index.php\/wp-json\/wp\/v2\/posts"}],"about":[{"href":"https:\/\/clicdenoticias.com\/index.php\/wp-json\/wp\/v2\/types\/post"}],"author":[{"embeddable":true,"href":"https:\/\/clicdenoticias.com\/index.php\/wp-json\/wp\/v2\/users\/2"}],"replies":[{"embeddable":true,"href":"https:\/\/clicdenoticias.com\/index.php\/wp-json\/wp\/v2\/comments?post=3097"}],"version-history":[{"count":1,"href":"https:\/\/clicdenoticias.com\/index.php\/wp-json\/wp\/v2\/posts\/3097\/revisions"}],"predecessor-version":[{"id":3099,"href":"https:\/\/clicdenoticias.com\/index.php\/wp-json\/wp\/v2\/posts\/3097\/revisions\/3099"}],"wp:featuredmedia":[{"embeddable":true,"href":"https:\/\/clicdenoticias.com\/index.php\/wp-json\/wp\/v2\/media\/3098"}],"wp:attachment":[{"href":"https:\/\/clicdenoticias.com\/index.php\/wp-json\/wp\/v2\/media?parent=3097"}],"wp:term":[{"taxonomy":"category","embeddable":true,"href":"https:\/\/clicdenoticias.com\/index.php\/wp-json\/wp\/v2\/categories?post=3097"},{"taxonomy":"post_tag","embeddable":true,"href":"https:\/\/clicdenoticias.com\/index.php\/wp-json\/wp\/v2\/tags?post=3097"}],"curies":[{"name":"wp","href":"https:\/\/api.w.org\/{rel}","templated":true}]}}