{"id":30976,"date":"2023-07-12T09:02:06","date_gmt":"2023-07-12T12:02:06","guid":{"rendered":"https:\/\/clicdenoticias.com\/?p=30976"},"modified":"2023-07-12T09:02:06","modified_gmt":"2023-07-12T12:02:06","slug":"la-cgt-confirmo-un-acto-en-apoyo-a-la-precandidatura-de-massa-para-el-8-de-agosto","status":"publish","type":"post","link":"https:\/\/clicdenoticias.com\/index.php\/2023\/07\/12\/la-cgt-confirmo-un-acto-en-apoyo-a-la-precandidatura-de-massa-para-el-8-de-agosto\/","title":{"rendered":"LA CGT CONFIRM\u00d3 UN ACTO EN APOYO A LA PRECANDIDATURA DE MASSA PARA EL 8 DE AGOSTO"},"content":{"rendered":"\n<p><strong>El cosecretario general de la CGT H\u00e9ctor Daer confirm\u00f3 hoy que la central obrera realizar\u00e1 el pr\u00f3xmo 8 de agosto un acto en respaldo a la precandidatura presidencial del ministro de Econom\u00eda, Sergio Massa, por Uni\u00f3n por la Patria.<\/strong><\/p>\n\n\n\n<p>&nbsp; &nbsp;\u00abSi, va a haber un acto, en principio el 8 de agosto\u00bb, sostuvo Daer a la prensa, al ingresar a una reuni\u00f3n de \u00abmesa chica\u00bb de la CGT que se realiz\u00f3 en la sede del gremio UPCN.<\/p>\n\n\n\n<p>&nbsp;&nbsp; Est\u00e1 previsto que ese acto sea en el estadio cerrado Arena de Tortuguitas, en el partido de Malvinas Argentinas, mientras que antes tendr\u00e1n una reuni\u00f3n con el aspirante a suceder a Alberto Fern\u00e1ndez en el Sal\u00f3n Felipe Vallese de la sede cegetista de la Calle Azopardo, que ser\u00eda el mi\u00e9rcoles 19 de este mes.<\/p>\n\n\n\n<p>&nbsp;&nbsp; En ese marco, el referente del sindicato de Sanidad hizo una fuerte defensa de la gesti\u00f3n de Massa en Econom\u00eda, pese a la alta inflaci\u00f3n que atraviesa el pa\u00eds.<\/p>\n\n\n\n<p>&nbsp;&nbsp; \u00abPor supuesto que es el ministro de Econom\u00eda de este gobierno, \u00bfa partir de que agarr\u00f3 el cargo las cosas fueron m\u00e1s f\u00e1ciles o m\u00e1s dif\u00edciles?\u00bb, dijo el dirigente en un claro apoyo a Massa, tras ser consultado sobre su desempe\u00f1o.<\/p>\n\n\n\n<p>&nbsp;&nbsp; \u00abHubo una corrida especulativa cambiaria y Massa tuvo la decisi\u00f3n de no encerrarse en los preceptos que se hab\u00edan acordado con el Fondo e intervino en el mercado cambiario provocando el freno de esa corrida. Eso es una parte de acomodar la macro y la microeconom\u00eda\u00bb, elogi\u00f3 el sindicalista, al recordar lo sucedido el a\u00f1o pasado cuando el d\u00f3lar blue tuvo una fuerte escalada y luego un descenso.<\/p>\n\n\n\n<p>&nbsp;&nbsp; Y dijo que en las pr\u00f3ximas elecciones va estar en juego \u00abuna Argentina que vuelva a un proceso pastoril, como el que hab\u00eda previo al peronismo, o una Argentina que se desarrolle con trabajo, con salud, con educaci\u00f3n\u00bb.<\/p>\n\n\n\n<p>&nbsp;&nbsp; Al ser consultado sobre si Massa, ya como eventual Presidente, comenzar\u00e1 a distanciarse de Cristina Kirchner, respondi\u00f3: \u00abNo s\u00e9 a que llamas despegarse. Cristina es una compa\u00f1era y un sector grande del peronismo se referencia en ella y va seguir teniendo opini\u00f3n, como todos los que integramos este espacio pol\u00edtico\u00bb.<br>&nbsp;&nbsp; Del encuentro en UPCN participaron tambi\u00e9n los otros secretarios generales de la central, Carlos Acu\u00f1a y Pablo Moyano, quien estaba distanciado del resto de los sectores de la CGT y hab\u00eda pegado el faltazo en el acto del 1 de Mayo por el D\u00eda del Trabajador en el estadio de Defensores de Belgrano.<br>&nbsp;&nbsp; Asistieron adem\u00e1s referentes de la CGT como el anfitri\u00f3n Andr\u00e9s Rodr\u00edguez, Armando Cavalieri, Julio Piumato, Gerardo Mart\u00ednez, Jos\u00e9 Luis Lingeri y Jorge Sola, entre otros.<\/p>\n","protected":false},"excerpt":{"rendered":"<p>El cosecretario general de la CGT H\u00e9ctor Daer confirm\u00f3 hoy que la central obrera realizar\u00e1 el pr\u00f3xmo 8 de agosto un acto en respaldo a la precandidatura presidencial del ministro de Econom\u00eda, Sergio Massa, por Uni\u00f3n por la Patria. &nbsp; &nbsp;\u00abSi, va a haber un acto, en principio el 8 de agosto\u00bb, sostuvo Daer a [&hellip;]<\/p>\n","protected":false},"author":2,"featured_media":30977,"comment_status":"open","ping_status":"open","sticky":false,"template":"","format":"standard","meta":{"footnotes":""},"categories":[44],"tags":[],"class_list":["post-30976","post","type-post","status-publish","format-standard","has-post-thumbnail","hentry","category-economia"],"_links":{"self":[{"href":"https:\/\/clicdenoticias.com\/index.php\/wp-json\/wp\/v2\/posts\/30976","targetHints":{"allow":["GET"]}}],"collection":[{"href":"https:\/\/clicdenoticias.com\/index.php\/wp-json\/wp\/v2\/posts"}],"about":[{"href":"https:\/\/clicdenoticias.com\/index.php\/wp-json\/wp\/v2\/types\/post"}],"author":[{"embeddable":true,"href":"https:\/\/clicdenoticias.com\/index.php\/wp-json\/wp\/v2\/users\/2"}],"replies":[{"embeddable":true,"href":"https:\/\/clicdenoticias.com\/index.php\/wp-json\/wp\/v2\/comments?post=30976"}],"version-history":[{"count":1,"href":"https:\/\/clicdenoticias.com\/index.php\/wp-json\/wp\/v2\/posts\/30976\/revisions"}],"predecessor-version":[{"id":30978,"href":"https:\/\/clicdenoticias.com\/index.php\/wp-json\/wp\/v2\/posts\/30976\/revisions\/30978"}],"wp:featuredmedia":[{"embeddable":true,"href":"https:\/\/clicdenoticias.com\/index.php\/wp-json\/wp\/v2\/media\/30977"}],"wp:attachment":[{"href":"https:\/\/clicdenoticias.com\/index.php\/wp-json\/wp\/v2\/media?parent=30976"}],"wp:term":[{"taxonomy":"category","embeddable":true,"href":"https:\/\/clicdenoticias.com\/index.php\/wp-json\/wp\/v2\/categories?post=30976"},{"taxonomy":"post_tag","embeddable":true,"href":"https:\/\/clicdenoticias.com\/index.php\/wp-json\/wp\/v2\/tags?post=30976"}],"curies":[{"name":"wp","href":"https:\/\/api.w.org\/{rel}","templated":true}]}}