{"id":3177,"date":"2021-06-14T18:05:02","date_gmt":"2021-06-14T18:05:02","guid":{"rendered":"https:\/\/clickdenoticias.com.ar\/?p=3177"},"modified":"2021-06-14T18:05:07","modified_gmt":"2021-06-14T18:05:07","slug":"la-provincia-defendio-el-sistema-de-fases-y-apunto-a-los-intendentes-opositores-que-reclaman-vuelta-a-clases","status":"publish","type":"post","link":"https:\/\/clicdenoticias.com\/index.php\/2021\/06\/14\/la-provincia-defendio-el-sistema-de-fases-y-apunto-a-los-intendentes-opositores-que-reclaman-vuelta-a-clases\/","title":{"rendered":"LA PROVINCIA DEFENDI\u00d3 EL SISTEMA DE FASES Y APUNT\u00d3 A LOS INTENDENTES OPOSITORES QUE RECLAMAN VUELTA A CLASES"},"content":{"rendered":"\n<p><strong>El viceministro de Salud bonaerense, Nicol\u00e1s Kreplak, defendi\u00f3 hoy el sistema de fases y apunt\u00f3 a los intendentes de Juntos por el Cambio que reclaman la vuelta a la presencialidad en toda la provincia.<\/strong><\/p>\n\n\n\n<p>&nbsp; &nbsp;\u00abPara poder sostener la presencialidad escolar todav\u00eda tenemos que hacer un esfuerzo muy grande con las reuniones sociales\u00bb, subray\u00f3 el funcionario provincial.<br>&nbsp;&nbsp; Sostuvo que en Buenos Aires los municipios de General Pueyrred\u00f3n, Pinamar y Bah\u00eda Blanca \u00absiempre tuvieron un comportamiento de negar la epidemia y los cuidados\u00bb.<\/p>\n\n\n\n<p>&nbsp;&nbsp; \u00abEstos distritos se encuentran muy por arriba del l\u00edmite. Se trata de medidas de cuidados, por dos semanas y para lograr que mejoren los casos\u00bb, asegur\u00f3, y remarc\u00f3: \u00abSon situaciones delicadas y no me parece que sea bueno que se intente poner en clave de uso electoral las medidas de cuidado\u00bb.<\/p>\n\n\n\n<p>&nbsp;&nbsp; \u00abNosotros acatamos el DNU que tiene fuerza de ley y que dice que con esas condiciones estamos en alarma. Es una medida de cuidado y si no hay acompa\u00f1amiento de las autoridades locales es muy dif\u00edcil\u00bb, explic\u00f3 en viceministro.<\/p>\n\n\n\n<p>&nbsp;&nbsp; En tanto, en declaraciones radiales, asegur\u00f3 que hay \u00abuna mejora\u00bb de la situaci\u00f3n epidemiol\u00f3gica debido al descenso en la cantidad de casos que permite \u00abpasar de la fase 2 a la fase 3\u00bb.<\/p>\n\n\n\n<p>&nbsp;&nbsp; \u00abEstamos viendo un descenso en la cantidad de casos desde hace unas 3 semanas. Es un descenso con una velocidad importante y m\u00e1s o menos sostenida. La perspectiva de tendencia a la baja habla de una mejora, Nos pone en condiciones de pasar de fase 2 a fase 3\u00bb, expres\u00f3 el funcionario provincial.<\/p>\n\n\n\n<p>&nbsp;&nbsp; En ese sentido, expres\u00f3 que esta situaci\u00f3n es una \u00abtendencia a la mejora\u00bb que \u00absumado a la vacunaci\u00f3n es una buena perspectiva\u00bb hacia el futuro.<\/p>\n\n\n\n<p>&nbsp;&nbsp; \u00abLos indicadores se suman a las perspectivas porque si la perspectiva es que empeoran no se podr\u00eda trazar este escenario\u00bb, indic\u00f3 Kreplak.<\/p>\n\n\n\n<p>&nbsp;&nbsp; Tambi\u00e9n aclar\u00f3 que \u00abeste fin de semana hubo m\u00e1s circulaci\u00f3n que los fines de semana anteriores\u00bb, lo que es \u00abalgo positivo\u00bb pero es importante evitar las reuniones sociales.<\/p>\n","protected":false},"excerpt":{"rendered":"<p>El viceministro de Salud bonaerense, Nicol\u00e1s Kreplak, defendi\u00f3 hoy el sistema de fases y apunt\u00f3 a los intendentes de Juntos por el Cambio que reclaman la vuelta a la presencialidad en toda la provincia. &nbsp; &nbsp;\u00abPara poder sostener la presencialidad escolar todav\u00eda tenemos que hacer un esfuerzo muy grande con las reuniones sociales\u00bb, subray\u00f3 el [&hellip;]<\/p>\n","protected":false},"author":2,"featured_media":3178,"comment_status":"open","ping_status":"open","sticky":false,"template":"","format":"standard","meta":{"footnotes":""},"categories":[51],"tags":[],"class_list":["post-3177","post","type-post","status-publish","format-standard","has-post-thumbnail","hentry","category-provincias"],"_links":{"self":[{"href":"https:\/\/clicdenoticias.com\/index.php\/wp-json\/wp\/v2\/posts\/3177","targetHints":{"allow":["GET"]}}],"collection":[{"href":"https:\/\/clicdenoticias.com\/index.php\/wp-json\/wp\/v2\/posts"}],"about":[{"href":"https:\/\/clicdenoticias.com\/index.php\/wp-json\/wp\/v2\/types\/post"}],"author":[{"embeddable":true,"href":"https:\/\/clicdenoticias.com\/index.php\/wp-json\/wp\/v2\/users\/2"}],"replies":[{"embeddable":true,"href":"https:\/\/clicdenoticias.com\/index.php\/wp-json\/wp\/v2\/comments?post=3177"}],"version-history":[{"count":1,"href":"https:\/\/clicdenoticias.com\/index.php\/wp-json\/wp\/v2\/posts\/3177\/revisions"}],"predecessor-version":[{"id":3179,"href":"https:\/\/clicdenoticias.com\/index.php\/wp-json\/wp\/v2\/posts\/3177\/revisions\/3179"}],"wp:featuredmedia":[{"embeddable":true,"href":"https:\/\/clicdenoticias.com\/index.php\/wp-json\/wp\/v2\/media\/3178"}],"wp:attachment":[{"href":"https:\/\/clicdenoticias.com\/index.php\/wp-json\/wp\/v2\/media?parent=3177"}],"wp:term":[{"taxonomy":"category","embeddable":true,"href":"https:\/\/clicdenoticias.com\/index.php\/wp-json\/wp\/v2\/categories?post=3177"},{"taxonomy":"post_tag","embeddable":true,"href":"https:\/\/clicdenoticias.com\/index.php\/wp-json\/wp\/v2\/tags?post=3177"}],"curies":[{"name":"wp","href":"https:\/\/api.w.org\/{rel}","templated":true}]}}