{"id":3272,"date":"2021-06-16T17:38:49","date_gmt":"2021-06-16T17:38:49","guid":{"rendered":"https:\/\/clickdenoticias.com.ar\/?p=3272"},"modified":"2021-06-16T17:38:51","modified_gmt":"2021-06-16T17:38:51","slug":"ola-de-frio-en-todo-el-pais-nevo-en-la-ciudad-de-cordoba-luego-de-14-anos","status":"publish","type":"post","link":"https:\/\/clicdenoticias.com\/index.php\/2021\/06\/16\/ola-de-frio-en-todo-el-pais-nevo-en-la-ciudad-de-cordoba-luego-de-14-anos\/","title":{"rendered":"OLA DE FR\u00cdO EN TODO EL PA\u00cdS: NEV\u00d3 EN LA CIUDAD DE C\u00d3RDOBA LUEGO DE 14 A\u00d1OS"},"content":{"rendered":"\n<p><strong>En medio de una ola de fr\u00edo que abarcaba gran parte del pa\u00eds, se produjo una in\u00e9dita nevada en la ciudad de C\u00f3rdoba luego de 14 a\u00f1os, mientras que se registraron fen\u00f3menos similares en zonas de San Luis, La Rioja y Tucum\u00e1n.<\/strong><\/p>\n\n\n\n<p>&nbsp; &nbsp;La \u00faltima vez que hab\u00eda nevado en la capital cordobesa hab\u00eda sido el 9 de julio de 2007, cuando tambi\u00e9n se produjo el fen\u00f3meno en la Capital Federal despu\u00e9s de 90 a\u00f1os.<\/p>\n\n\n\n<p>&nbsp;&nbsp; Este mi\u00e9rcoles, en la provincia de C\u00f3rdoba tambi\u00e9n nev\u00f3 en las localidades de Villa Carlos Paz, Villa Allende, Alta Gracia, Colonia Tirolesa, entre otras.<\/p>\n\n\n\n<p>&nbsp;&nbsp; Mientras en \u00e1reas de La Rioja y Tucum\u00e1n se produjeron nevadas este martes, se esperaba que el fen\u00f3meno se produzca este mi\u00e9rcoles en varios puntos del este y centro-este de San Luis como Villa Mercedes, Justo Daract, La Toma y en la tur\u00edstica Merlo.<\/p>\n\n\n\n<p>&nbsp;&nbsp; Este mi\u00e9rcoles se produjeron temperaturas muy bajas en varias partes del pa\u00eds.<\/p>\n\n\n\n<p>&nbsp;&nbsp; El r\u00e9cord de fr\u00edo lo ten\u00eda llamativamente en el extremo norte La Puna juje\u00f1a, ya que La Quiaca registraba 7,4 grados bajo cero: le segu\u00eda en la Patagonia andina San Carlos de Bariloche con -4,9 grados y -10 de sensanci\u00f3n t\u00e9rmica; El Calafante, en Santa Cruz, con -4,8 y -7,3, y Esquel, Chubut, (-4,2 y 9,1), .<\/p>\n\n\n\n<p>&nbsp;&nbsp; En la ciudad de Buenos Aires, el pron\u00f3stico del Servicio Meteorol\u00f3gico Nacional, indica para este mi\u00e9rcoles una jornada g\u00e9lida, con un grado de m\u00ednima y 12 de m\u00e1xima, cielo mayormente nublado y vientos rotando del sudeste al sur.<\/p>\n\n\n\n<p>&nbsp;&nbsp; El jueves continuar\u00e1 el viento sur, por lo que seguir\u00e1 imperando el aire fr\u00edo, con 2 de m\u00ednima y 13 de m\u00e1xima, adem\u00e1s de bastantes nubes en el cielo y viento del sur.<\/p>\n\n\n\n<p>&nbsp;&nbsp; El viernes la m\u00ednima descender\u00e1 otra vez y se ubicar\u00e1 en un grado, mientras que ascender\u00e1 a 14 durante una jornada con m\u00e1s sol y viento rotando al este.<\/p>\n\n\n\n<p>&nbsp;&nbsp; Durante el fin de semana se espera que la rigidez del clima invernal se vaya moderando, con buen clima.<\/p>\n","protected":false},"excerpt":{"rendered":"<p>En medio de una ola de fr\u00edo que abarcaba gran parte del pa\u00eds, se produjo una in\u00e9dita nevada en la ciudad de C\u00f3rdoba luego de 14 a\u00f1os, mientras que se registraron fen\u00f3menos similares en zonas de San Luis, La Rioja y Tucum\u00e1n. &nbsp; &nbsp;La \u00faltima vez que hab\u00eda nevado en la capital cordobesa hab\u00eda sido [&hellip;]<\/p>\n","protected":false},"author":2,"featured_media":3273,"comment_status":"open","ping_status":"open","sticky":false,"template":"","format":"standard","meta":{"footnotes":""},"categories":[45],"tags":[],"class_list":["post-3272","post","type-post","status-publish","format-standard","has-post-thumbnail","hentry","category-sociedad"],"_links":{"self":[{"href":"https:\/\/clicdenoticias.com\/index.php\/wp-json\/wp\/v2\/posts\/3272","targetHints":{"allow":["GET"]}}],"collection":[{"href":"https:\/\/clicdenoticias.com\/index.php\/wp-json\/wp\/v2\/posts"}],"about":[{"href":"https:\/\/clicdenoticias.com\/index.php\/wp-json\/wp\/v2\/types\/post"}],"author":[{"embeddable":true,"href":"https:\/\/clicdenoticias.com\/index.php\/wp-json\/wp\/v2\/users\/2"}],"replies":[{"embeddable":true,"href":"https:\/\/clicdenoticias.com\/index.php\/wp-json\/wp\/v2\/comments?post=3272"}],"version-history":[{"count":1,"href":"https:\/\/clicdenoticias.com\/index.php\/wp-json\/wp\/v2\/posts\/3272\/revisions"}],"predecessor-version":[{"id":3274,"href":"https:\/\/clicdenoticias.com\/index.php\/wp-json\/wp\/v2\/posts\/3272\/revisions\/3274"}],"wp:featuredmedia":[{"embeddable":true,"href":"https:\/\/clicdenoticias.com\/index.php\/wp-json\/wp\/v2\/media\/3273"}],"wp:attachment":[{"href":"https:\/\/clicdenoticias.com\/index.php\/wp-json\/wp\/v2\/media?parent=3272"}],"wp:term":[{"taxonomy":"category","embeddable":true,"href":"https:\/\/clicdenoticias.com\/index.php\/wp-json\/wp\/v2\/categories?post=3272"},{"taxonomy":"post_tag","embeddable":true,"href":"https:\/\/clicdenoticias.com\/index.php\/wp-json\/wp\/v2\/tags?post=3272"}],"curies":[{"name":"wp","href":"https:\/\/api.w.org\/{rel}","templated":true}]}}