{"id":3639,"date":"2021-06-27T00:27:10","date_gmt":"2021-06-27T00:27:10","guid":{"rendered":"https:\/\/clickdenoticias.com.ar\/?p=3639"},"modified":"2021-06-27T00:27:11","modified_gmt":"2021-06-27T00:27:11","slug":"daer-por-supuesto-que-tiene-que-haber-dirigentes-sindicales-en-las-listas-del-frente-de-todos","status":"publish","type":"post","link":"https:\/\/clicdenoticias.com\/index.php\/2021\/06\/27\/daer-por-supuesto-que-tiene-que-haber-dirigentes-sindicales-en-las-listas-del-frente-de-todos\/","title":{"rendered":"DAER: \u00abPOR SUPUESTO QUE TIENE QUE HABER DIRIGENTES SINDICALES\u00bb EN LAS LISTAS DEL FRENTE DE TODOS"},"content":{"rendered":"\n<p><strong>El secretario general de la CGT H\u00e9ctor Daer subray\u00f3 hoy que \u00abpor supuesto que tiene que haber dirigentes sindicales\u00bb en las listas de candidatos del Frente de Todos y consider\u00f3 que tiene que haber \u00abun cara a cara con los formadores de precios\u00bb para discutir su \u00abvoracidad\u00bb.<\/strong><\/p>\n\n\n\n<p>&nbsp; &nbsp;\u00abPor supuesto que tiene que haber dirigentes sindicales (en las listas). Hay que tomar de sus fuentes la mirada de los trabajadores\u00bb, sostuvo el referente sindical.<\/p>\n\n\n\n<p>&nbsp;&nbsp; En declaraciones radiales, el titular de la seccional Buenos Aires de la Asociaci\u00f3n de Trabajadores de la Sanidad Argentina (ATSA) destac\u00f3 que \u00abla \u00fanica representaci\u00f3n institucional que forma parte de este proceso pol\u00edtico es el movimiento obrero\u00bb.<\/p>\n\n\n\n<p>&nbsp;&nbsp; Al ser consultado sobre la posibilidad de que su par de la Uni\u00f3n Obrera de la Construcci\u00f3n de la Rep\u00fablica Argentina (UOCRA), Gerardo Mart\u00ednez, sea el pr\u00f3ximo titular de la central obrera, Daer respondi\u00f3: \u00abEl candidato de la CGT lo veremos cuando sea necesario. Gerardo tiene una carrera internacional que no la va a dejar. Es miembro del Consejo de Administraci\u00f3n de la OIT. Es un excelente candidato. Pero veremos en el momento en que sea necesario\u00bb.<\/p>\n\n\n\n<p>&nbsp;&nbsp; Y a\u00f1adi\u00f3: \u00abEl consenso lo venimos trabajando y llevando adelante. Despu\u00e9s veremos los candidatos\u00bb.<\/p>\n\n\n\n<p>&nbsp;&nbsp; A la vez, el ex diputado nacional analiz\u00f3 el panorama paritario y destac\u00f3 que los sindicatos intentaron \u00abconfluir en un proyecto de baja de la inflaci\u00f3n, que vaya alrededor del 29 por ciento y los salarios deb\u00edan ganarle a la inflaci\u00f3n\u00bb, aunque advirti\u00f3 que \u00abla inflaci\u00f3n mostr\u00f3 que iba por otro camino: las empresas aumentaron much\u00edsimo los productos\u00bb.<\/p>\n\n\n\n<p>&nbsp;&nbsp; \u00abCuando los tramos del aumento sean superados por la inflaci\u00f3n, se tiene que reabrir la paritaria. No somos nosotros los responsables del proceso inflacionario y no podemos ser las v\u00edctimas. Por eso se reabren las paritarias\u00bb, subray\u00f3 Daer.<\/p>\n\n\n\n<p>&nbsp;&nbsp; Ante esta situaci\u00f3n, el secretario general de la CGT asegur\u00f3 que \u00abhay que tener un cara a cara con estos sectores y ver cu\u00e1l es la Argentina que quieren: si es la de la especulaci\u00f3n, la de ganar toda la plata que se pueda en el cort\u00edsimo plazo, eso va en contra de la recuperaci\u00f3n del pa\u00eds\u00bb.<\/p>\n\n\n\n<p>&nbsp;&nbsp; \u00abQueremos sentarnos con los formadores de precios, frente a frente, para discutir el fondo de las cuestiones. Hay una voracidad de ciertos sectores, sobre todos los que producen los precios b\u00e1sicos de la econom\u00eda. Hay un poco m\u00e1s de demanda, pero no generan oferta y aumentan los precios\u00bb, se quej\u00f3.<\/p>\n\n\n\n<p>&nbsp;&nbsp; Y agreg\u00f3: \u00abEn el medio est\u00e1 la mezquindad pol\u00edtica, que mete fichas en todo esto\u00bb.<\/p>\n\n\n\n<p>&nbsp;&nbsp; Finalmente, Daer indic\u00f3 que \u00abse confirm\u00f3 la resoluci\u00f3n de sostener los empleos hasta el 31 de diciembre, prorrogando la prohibici\u00f3n de despidos, lo cual no es poco\u00bb y anticip\u00f3 que \u00aben estos d\u00edas se publicar\u00e1 en el Bolet\u00edn Oficial\u00bb.<\/p>\n","protected":false},"excerpt":{"rendered":"<p>El secretario general de la CGT H\u00e9ctor Daer subray\u00f3 hoy que \u00abpor supuesto que tiene que haber dirigentes sindicales\u00bb en las listas de candidatos del Frente de Todos y consider\u00f3 que tiene que haber \u00abun cara a cara con los formadores de precios\u00bb para discutir su \u00abvoracidad\u00bb. &nbsp; &nbsp;\u00abPor supuesto que tiene que haber dirigentes [&hellip;]<\/p>\n","protected":false},"author":2,"featured_media":3640,"comment_status":"open","ping_status":"open","sticky":false,"template":"","format":"standard","meta":{"footnotes":""},"categories":[46],"tags":[],"class_list":["post-3639","post","type-post","status-publish","format-standard","has-post-thumbnail","hentry","category-gremial"],"_links":{"self":[{"href":"https:\/\/clicdenoticias.com\/index.php\/wp-json\/wp\/v2\/posts\/3639","targetHints":{"allow":["GET"]}}],"collection":[{"href":"https:\/\/clicdenoticias.com\/index.php\/wp-json\/wp\/v2\/posts"}],"about":[{"href":"https:\/\/clicdenoticias.com\/index.php\/wp-json\/wp\/v2\/types\/post"}],"author":[{"embeddable":true,"href":"https:\/\/clicdenoticias.com\/index.php\/wp-json\/wp\/v2\/users\/2"}],"replies":[{"embeddable":true,"href":"https:\/\/clicdenoticias.com\/index.php\/wp-json\/wp\/v2\/comments?post=3639"}],"version-history":[{"count":1,"href":"https:\/\/clicdenoticias.com\/index.php\/wp-json\/wp\/v2\/posts\/3639\/revisions"}],"predecessor-version":[{"id":3641,"href":"https:\/\/clicdenoticias.com\/index.php\/wp-json\/wp\/v2\/posts\/3639\/revisions\/3641"}],"wp:featuredmedia":[{"embeddable":true,"href":"https:\/\/clicdenoticias.com\/index.php\/wp-json\/wp\/v2\/media\/3640"}],"wp:attachment":[{"href":"https:\/\/clicdenoticias.com\/index.php\/wp-json\/wp\/v2\/media?parent=3639"}],"wp:term":[{"taxonomy":"category","embeddable":true,"href":"https:\/\/clicdenoticias.com\/index.php\/wp-json\/wp\/v2\/categories?post=3639"},{"taxonomy":"post_tag","embeddable":true,"href":"https:\/\/clicdenoticias.com\/index.php\/wp-json\/wp\/v2\/tags?post=3639"}],"curies":[{"name":"wp","href":"https:\/\/api.w.org\/{rel}","templated":true}]}}