{"id":3886,"date":"2021-07-04T01:52:37","date_gmt":"2021-07-04T01:52:37","guid":{"rendered":"https:\/\/clickdenoticias.com.ar\/?p=3886"},"modified":"2021-07-04T01:52:38","modified_gmt":"2021-07-04T01:52:38","slug":"massa-afirmo-que-el-ejecutivo-no-esta-en-pelea-de-cargos-sino-contra-el-atraso-de-cuatro-anos-de-un-gobierno-que-fracaso","status":"publish","type":"post","link":"https:\/\/clicdenoticias.com\/index.php\/2021\/07\/04\/massa-afirmo-que-el-ejecutivo-no-esta-en-pelea-de-cargos-sino-contra-el-atraso-de-cuatro-anos-de-un-gobierno-que-fracaso\/","title":{"rendered":"MASSA AFIRM\u00d3 QUE EL EJECUTIVO NO EST\u00c1 \u00abEN PELEA DE CARGOS\u00bb SINO \u00abCONTRA EL ATRASO DE CUATRO A\u00d1OS DE UN GOBIERNO QUE FRACAS\u00d3\u00bb"},"content":{"rendered":"\n<p><strong>El presidente de la C\u00e1mara de Diputados, Sergio Massa, afirm\u00f3 hoy que el Ejecutivo nacional no est\u00e1 \u00aben pelea de cargos\u00bb sino \u00abcontra el atraso de cuatro a\u00f1os de un gobierno que fracas\u00f3\u00bb, en referencia a la administraci\u00f3n de Mauricio Macri, y destac\u00f3 que creen \u00aben la Argentina del trabajo y la producci\u00f3n\u00bb.<\/strong><\/p>\n\n\n\n<p>&nbsp; &nbsp;\u00abNo estamos en pelea de cargos, estamos en la pelea contra la pandemia y contra el atraso de cuatro a\u00f1os de un gobierno que fracas\u00f3 y que ojal\u00e1 sea un mal recuerdo para los argentinos y argentinas\u00bb, resalt\u00f3 Massa.<\/p>\n\n\n\n<p>&nbsp;&nbsp; Durante un acto junto al gobernador bonaerense, Axel Kicillof, para la presentaci\u00f3n de un nuevo paso bajo nivel en el municipio de Malvinas Argentinas, Massa subray\u00f3 que la provincia de Buenos Aires \u00abest\u00e1 en marcha\u00bb.<\/p>\n\n\n\n<p>&nbsp;&nbsp; \u00abCreemos en la Argentina del trabajo y la producci\u00f3n y enfrentamos a una oposici\u00f3n que cree que la timba financiera sirve para<\/p>\n\n\n\n<p>gobernar\u00bb, apunt\u00f3.<\/p>\n\n\n\n<p>&nbsp;&nbsp; En ese marco, el diputado nacional consider\u00f3 \u00abimportante entender que el Presidente (Alberto Fern\u00e1ndez) privilegi\u00f3 la inversi\u00f3n de capital, porque privilegio la inversi\u00f3n en agua potable y cloacas, trenes -estamos terminando 7 estaciones que se prometieron hace 5 a\u00f1os-, en el transporte, la obra p\u00fablica\u00bb.<\/p>\n\n\n\n<p>&nbsp;&nbsp; \u00abEl rol del Estado protegiendo no s\u00f3lo es cuando pone la vacuna (contra el coronavirus) sino cuando genera trabajo, porque necesitamos un Estado que nos cuide y genere desarrollo en un mundo dif\u00edcil en el marco de la pandemia\u00bb, subray\u00f3.<\/p>\n\n\n\n<p>&nbsp;&nbsp; Por \u00faltimo, el ex intendente de Tigre ponder\u00f3: \u00abLo estamos haciendo juntos, unidos, porque es la tarea de este tiempo\u00bb.<\/p>\n\n\n\n<p>&nbsp;&nbsp; Tambi\u00e9n participaron de la actividad el ministro de Transporte de la Naci\u00f3n, Alexis Guerrera, y el intendente de Malvinas Argentinas, Leonardo Nardini.<\/p>\n\n\n\n<p>&nbsp;&nbsp; El acto de presentaci\u00f3n, que se realiz\u00f3 en el Parque Municipal \u00abEl Batall\u00f3n\u00bb cont\u00f3 con presencia de la ministra de Gobierno bonaerense Teresa Garc\u00eda; el presidente de Trenes Argentinos, Mart\u00edn Marinucci; y los jefes comunales Lucas Ghi (Mor\u00f3n),<\/p>\n\n\n\n<p>Alberto Descalzo (Ituzaing\u00f3), Federico Achaval (Pilar) y Juan Andreotti (San Fernando).<\/p>\n\n\n\n<p>&nbsp;&nbsp; La obra forma parte del Plan de Modernizaci\u00f3n de Transporte Ferroviario que impulsa el Ministerio que conduce Guerrera y consistir\u00e1 en la construcci\u00f3n de un nuevo paso bajo nivel en la Avenida Sim\u00f3n de Iriondo, con el objetivo de mejorar la circulaci\u00f3n, seguridad y aumentar los espacios verdes en esa zona.<\/p>\n\n\n\n<p>&nbsp;&nbsp; Se trata de dos carriles que atravesar\u00e1n de manera subterr\u00e1nea las v\u00edas del ferrocarril Belgrano Norte, adem\u00e1s se incorporar\u00e1n puentes vehiculares para dar continuidad a ambos lados del puente ferroviario a las arterias Avenida Presidente Per\u00f3n y Remedios de Escalada.<\/p>\n","protected":false},"excerpt":{"rendered":"<p>El presidente de la C\u00e1mara de Diputados, Sergio Massa, afirm\u00f3 hoy que el Ejecutivo nacional no est\u00e1 \u00aben pelea de cargos\u00bb sino \u00abcontra el atraso de cuatro a\u00f1os de un gobierno que fracas\u00f3\u00bb, en referencia a la administraci\u00f3n de Mauricio Macri, y destac\u00f3 que creen \u00aben la Argentina del trabajo y la producci\u00f3n\u00bb. &nbsp; &nbsp;\u00abNo [&hellip;]<\/p>\n","protected":false},"author":2,"featured_media":3887,"comment_status":"open","ping_status":"open","sticky":false,"template":"","format":"standard","meta":{"footnotes":""},"categories":[43],"tags":[48],"class_list":["post-3886","post","type-post","status-publish","format-standard","has-post-thumbnail","hentry","category-politica","tag-destacada"],"_links":{"self":[{"href":"https:\/\/clicdenoticias.com\/index.php\/wp-json\/wp\/v2\/posts\/3886","targetHints":{"allow":["GET"]}}],"collection":[{"href":"https:\/\/clicdenoticias.com\/index.php\/wp-json\/wp\/v2\/posts"}],"about":[{"href":"https:\/\/clicdenoticias.com\/index.php\/wp-json\/wp\/v2\/types\/post"}],"author":[{"embeddable":true,"href":"https:\/\/clicdenoticias.com\/index.php\/wp-json\/wp\/v2\/users\/2"}],"replies":[{"embeddable":true,"href":"https:\/\/clicdenoticias.com\/index.php\/wp-json\/wp\/v2\/comments?post=3886"}],"version-history":[{"count":1,"href":"https:\/\/clicdenoticias.com\/index.php\/wp-json\/wp\/v2\/posts\/3886\/revisions"}],"predecessor-version":[{"id":3888,"href":"https:\/\/clicdenoticias.com\/index.php\/wp-json\/wp\/v2\/posts\/3886\/revisions\/3888"}],"wp:featuredmedia":[{"embeddable":true,"href":"https:\/\/clicdenoticias.com\/index.php\/wp-json\/wp\/v2\/media\/3887"}],"wp:attachment":[{"href":"https:\/\/clicdenoticias.com\/index.php\/wp-json\/wp\/v2\/media?parent=3886"}],"wp:term":[{"taxonomy":"category","embeddable":true,"href":"https:\/\/clicdenoticias.com\/index.php\/wp-json\/wp\/v2\/categories?post=3886"},{"taxonomy":"post_tag","embeddable":true,"href":"https:\/\/clicdenoticias.com\/index.php\/wp-json\/wp\/v2\/tags?post=3886"}],"curies":[{"name":"wp","href":"https:\/\/api.w.org\/{rel}","templated":true}]}}