{"id":398,"date":"2021-03-25T16:00:35","date_gmt":"2021-03-25T16:00:35","guid":{"rendered":"https:\/\/clickdenoticias.com.ar\/?p=398"},"modified":"2021-03-25T16:00:36","modified_gmt":"2021-03-25T16:00:36","slug":"casacion-rechazo-el-penultimo-recurso-de-de-vido-por-la-tragedia-de-once","status":"publish","type":"post","link":"https:\/\/clicdenoticias.com\/index.php\/2021\/03\/25\/casacion-rechazo-el-penultimo-recurso-de-de-vido-por-la-tragedia-de-once\/","title":{"rendered":"CASACI\u00d3N RECHAZ\u00d3 EL PEN\u00daLTIMO RECURSO DE DE VIDO POR LA TRAGEDIA DE ONCE"},"content":{"rendered":"\n<p><strong>La Sala Tercera de la C\u00e1mara Federal de Casaci\u00f3n Penal rechaz\u00f3 el \u00abrecurso extraordinario\u00bb con el que el ex ministro de Planificaci\u00f3n, Julio De Vido, pretend\u00eda que la Corte Suprema revisara su condena a cinco a\u00f1os y ocho meses de prisi\u00f3n por la Tragedia de Once.<\/strong><\/p>\n\n\n\n<p>&nbsp; &nbsp;As\u00ed lo informaron fuentes de las querellas que representan a las 52 v\u00edctimas mortales y casi 800 heridos que caus\u00f3 el peor siniestro ferroviario dela historia argentina.<\/p>\n\n\n\n<p>&nbsp;&nbsp; El m\u00e1ximo tribunal penal declar\u00f3 inadmisible el recurso planteado por la defensa de De Vido, a cargo del penalista Maximiliano Rusconi.<\/p>\n\n\n\n<p>&nbsp;&nbsp; De Vido fue condenado por \u00abadministraci\u00f3n fraudulenta\u00bb mas no por el choque del tren contra el extremo de llegada del and\u00e9n 2 de la estaci\u00f3n de Once. Un tribunal oral consider\u00f3 que hab\u00edan existido desv\u00edos de los subsidios que el Estado les pagaba a las empresas concesionarias del servicio de trenes para pasajeros.<\/p>\n\n\n\n<p>&nbsp;&nbsp; El 22 de diciembre del a\u00f1o pasado, la C\u00e1mara de Casaci\u00f3n hab\u00eda confirmado la condena en virtud de lo que defini\u00f3 como una \u00abcomplicidad necesaria de De Vido en la maniobra defraudatoria llevada adelante por los responsables de la firma Trenes de Buenos Aires (TBA)\u00bb.<\/p>\n\n\n\n<p>&nbsp;&nbsp; \u00abLa cr\u00edtica que formula la defensa no pasa de ser un mero disenso con la valoraci\u00f3n de la prueba efectuada por el tribunal de grado\u00bb, dijeron en aquella oportunidad los integrantes de la Sala Tercera, Eduardo Riggi, Liliana Catucci y Gustavo Hornos.<\/p>\n\n\n\n<p>&nbsp;&nbsp; Hoy, con Hornos en la presidencia de la C\u00e1mara y Juan Carlos Gemignani completando la integraci\u00f3n del tribunal, el \u00abrecurso extraordinario\u00bb planteado por la defensa de De Vido fue rechazado, con lo que qued\u00f3 firme el \u00abdoble conforme\u00bb, es decir que dos tribunales se pronuncien en dos instancias diferentes de la misma manera sobre una causa penal.<\/p>\n\n\n\n<p>&nbsp;&nbsp; De Vido tiene a\u00fan posibilidades de llegar con su planteo ante la Corte Suprema, mediante lo que t\u00e9cnicamente se denomina \u00abrecurso de queja\u00bb o \u00abde hecho\u00bb.<\/p>\n\n\n\n<p>&nbsp;&nbsp; En esa instancia, el m\u00e1ximo tribunal suele darle un cierre definitivo a las causas sin revisarlas, mediante la aplicaci\u00f3n del art\u00edculo 280 del C\u00f3digo Procesal Civil y Comercial. Eso fue lo que hizo, por ejemplo, al dejar firme la condena contra el ex vicepresidente Amado Boudou en la Causa Ciccone.<\/p>\n","protected":false},"excerpt":{"rendered":"<p>La Sala Tercera de la C\u00e1mara Federal de Casaci\u00f3n Penal rechaz\u00f3 el \u00abrecurso extraordinario\u00bb con el que el ex ministro de Planificaci\u00f3n, Julio De Vido, pretend\u00eda que la Corte Suprema revisara su condena a cinco a\u00f1os y ocho meses de prisi\u00f3n por la Tragedia de Once. &nbsp; &nbsp;As\u00ed lo informaron fuentes de las querellas que [&hellip;]<\/p>\n","protected":false},"author":2,"featured_media":399,"comment_status":"open","ping_status":"open","sticky":false,"template":"","format":"standard","meta":{"footnotes":""},"categories":[43],"tags":[],"class_list":["post-398","post","type-post","status-publish","format-standard","has-post-thumbnail","hentry","category-politica"],"_links":{"self":[{"href":"https:\/\/clicdenoticias.com\/index.php\/wp-json\/wp\/v2\/posts\/398","targetHints":{"allow":["GET"]}}],"collection":[{"href":"https:\/\/clicdenoticias.com\/index.php\/wp-json\/wp\/v2\/posts"}],"about":[{"href":"https:\/\/clicdenoticias.com\/index.php\/wp-json\/wp\/v2\/types\/post"}],"author":[{"embeddable":true,"href":"https:\/\/clicdenoticias.com\/index.php\/wp-json\/wp\/v2\/users\/2"}],"replies":[{"embeddable":true,"href":"https:\/\/clicdenoticias.com\/index.php\/wp-json\/wp\/v2\/comments?post=398"}],"version-history":[{"count":1,"href":"https:\/\/clicdenoticias.com\/index.php\/wp-json\/wp\/v2\/posts\/398\/revisions"}],"predecessor-version":[{"id":400,"href":"https:\/\/clicdenoticias.com\/index.php\/wp-json\/wp\/v2\/posts\/398\/revisions\/400"}],"wp:featuredmedia":[{"embeddable":true,"href":"https:\/\/clicdenoticias.com\/index.php\/wp-json\/wp\/v2\/media\/399"}],"wp:attachment":[{"href":"https:\/\/clicdenoticias.com\/index.php\/wp-json\/wp\/v2\/media?parent=398"}],"wp:term":[{"taxonomy":"category","embeddable":true,"href":"https:\/\/clicdenoticias.com\/index.php\/wp-json\/wp\/v2\/categories?post=398"},{"taxonomy":"post_tag","embeddable":true,"href":"https:\/\/clicdenoticias.com\/index.php\/wp-json\/wp\/v2\/tags?post=398"}],"curies":[{"name":"wp","href":"https:\/\/api.w.org\/{rel}","templated":true}]}}