{"id":40398,"date":"2024-07-08T08:44:29","date_gmt":"2024-07-08T11:44:29","guid":{"rendered":"https:\/\/clicdenoticias.com\/?p=40398"},"modified":"2024-07-08T08:44:30","modified_gmt":"2024-07-08T11:44:30","slug":"puerto-de-mar-del-plata-con-la-llegada-de-una-naviera-francesa-comenzo-la-puja-por-una-licitacion-de-la-terminal","status":"publish","type":"post","link":"https:\/\/clicdenoticias.com\/index.php\/2024\/07\/08\/puerto-de-mar-del-plata-con-la-llegada-de-una-naviera-francesa-comenzo-la-puja-por-una-licitacion-de-la-terminal\/","title":{"rendered":"Puerto de Mar del Plata: con la llegada de una naviera francesa comenz\u00f3 la puja por una licitaci\u00f3n de la terminal"},"content":{"rendered":"\n<p><strong>El puerto de Mar del Plata<\/strong>&nbsp;es una de las estaciones portuarias m\u00e1s emblem\u00e1ticas de la Argentina, clave para el desarrollo industrial del pa\u00eds y de la provincia de Buenos Aires como&nbsp;<strong>principal puerto pesquero del pa\u00eds y con una terminal multiprop\u00f3sito<\/strong>&nbsp;que desde hace dos d\u00e9cadas es&nbsp;<strong>operada por la compa\u00f1\u00eda TC2.&nbsp;<\/strong><\/p>\n\n\n\n<p><strong>La Terminal<\/strong>&nbsp;logr\u00f3 cerrar un acuerdo con&nbsp;<strong>la empresa naviera gala CMA CGM para que una los puertos de Santos en Brasil con el de Mar del Plata a trav\u00e9s de un portacontenedores bautizado con el nombre del creador de la Academia de Atenas: Plat\u00f3n.&nbsp;<\/strong><\/p>\n\n\n\n<p>Plat\u00f3n brinda un servicio quincenal y abre la oportunidad de colocar una gran variedad de productos locales y regionales tales como caf\u00e9, kiwi, carne y hasta materiales de construcci\u00f3n, gracias a su capacidad m\u00e1xima de hasta 1.700 Teus. &nbsp;<\/p>\n\n\n\n<p><strong>El TEU es la&nbsp;capacidad de carga de un contenedor est\u00e1ndar de 20 pies.<\/strong>&nbsp;Las medidas concretas y exactas son 20 pies de largo, por 8 pies de ancho y 8 pies y medio de altura. As\u00ed, el volumen exterior alcanza los 38,51 metros c\u00fabicos.&nbsp;<\/p>\n\n\n\n<p>Ahora bien, esta novedad no pasa desapercibida en un momento en que el&nbsp;<strong>Consorcio Portuario Regional de Mar del Plata recibi\u00f3 tres nuevos directores que est\u00e1n a favor de trabajar en una licitaci\u00f3n internacional a fines de 2024.&nbsp;<\/strong><\/p>\n\n\n\n<p>De no presentarse una licitaci\u00f3n podr\u00eda renovarse la concesi\u00f3n, por cuarta vez, a TC2 que comenz\u00f3 a mostrar gesti\u00f3n anticipadamente con la firma de estos contratos con navieras del exterior.&nbsp;<\/p>\n\n\n\n<p><strong>En declaraciones a NA, Emilio Bustamante, titular de la Terminal de Contenedores Dos&nbsp;<\/strong>(TC2 Mar del Plata) confirm\u00f3 que su empresa tiene como prioridad el puerto de La Feliz. \u201c<strong>El coraz\u00f3n del servicio de CMA CGM es Mar del Plata. Somos la \u00faltima parada antes de llegar a Santos, una ciudad con un puerto realmente muy importante.<\/strong>&nbsp;Integrar la ciudad con nuevas rutas mar\u00edtimas abre infinitas posibilidades y beneficios para todas las empresas locales y sus planes de expansi\u00f3n. Apuntamos a capitalizar esta oportunidad y que la naviera pueda venir todas las semanas\u201d, agreg\u00f3.&nbsp;<\/p>\n\n\n\n<p>En l\u00ednea con este escenario, que fortalece la conectividad mar\u00edtima de Mar del Plata con 160 pa\u00edses y el desarrollo econ\u00f3mico de la regi\u00f3n,<strong>&nbsp;la firma canadiense McCain comenz\u00f3 sus pruebas para exportar desde el puerto con muy buenas expectativas<\/strong>&nbsp;para aumentar el volumen y la periodicidad en el corto plazo. Asimismo, para el 2025,&nbsp;<strong>la multinacional de origen estadounidense Lamb Weston prev\u00e9 exportar cerca del 90% de su producci\u00f3n por el puerto marplatense<\/strong>, equivalente a unos 300 teus por semana.&nbsp;<\/p>\n\n\n\n<p>Por otra parte,&nbsp;<strong>comenz\u00f3 a enfriarse la posibilidad de construir otro puerto en Mar del Plata&nbsp;<\/strong>en la zona conocida como \u201cLa manzana de los circos\u201d, l<strong>uego de conocerse los resultados de la compa\u00f1\u00eda noruega Equinor, al concluir que el pozo Argerich, perforado en el bloque Cuenca Argentina Norte (CAN)-100, a unos 300 km de la costa de Mar del Plata, est\u00e1 seco&nbsp;y no hay ni petr\u00f3leo ni gas.&nbsp;<\/strong><\/p>\n\n\n\n<p>Un balde de agua fr\u00eda para muchos planes realizados sobre tableros de arena, aunque&nbsp;<strong>el analista<\/strong>&nbsp;del sector y ex subsecretario de v\u00edas navegables del gobierno de Mauricio Macri,&nbsp;<strong>Jorge Metz<\/strong>, asegur\u00f3 que \u201cEs de suponerse que los resultados de la prospecci\u00f3n en general y la s\u00edsmica hechas, no son totalmente determinantes. Existe un margen de probabilidades. Tendr\u00e1n que seguir perforando, aunque tambi\u00e9n<strong>&nbsp;se puede pensar que encontraron algo y que a\u00fan no es el momento&nbsp;de comunicarlo, por ser algo muy parcial.<\/strong>&nbsp;No creo que los noruegos hayan movilizado un buque de semejante importancia si, a priori, la prospecci\u00f3n no les daba un buen porcentaje de factibilidad\u201d.&nbsp;<\/p>\n\n\n\n<p>Lo cierto es que la empresa noruega ya ten\u00eda personal destinado en Mar del Plata y en la Ciudad de Buenos Aires que inclu\u00eda a profesionales de la comunicaci\u00f3n e ingenieros. &nbsp;<\/p>\n\n\n\n<p>Pero, los resultados mandan y por ahora desciende la fiebre por el petr\u00f3leo y el gas off shore en la Argentina. &nbsp;<\/p>\n\n\n\n<p>foto y texto: NA<\/p>\n","protected":false},"excerpt":{"rendered":"<p>El puerto de Mar del Plata&nbsp;es una de las estaciones portuarias m\u00e1s emblem\u00e1ticas de la Argentina, clave para el desarrollo industrial del pa\u00eds y de la provincia de Buenos Aires como&nbsp;principal puerto pesquero del pa\u00eds y con una terminal multiprop\u00f3sito&nbsp;que desde hace dos d\u00e9cadas es&nbsp;operada por la compa\u00f1\u00eda TC2.&nbsp; La Terminal&nbsp;logr\u00f3 cerrar un acuerdo con&nbsp;la [&hellip;]<\/p>\n","protected":false},"author":2,"featured_media":40399,"comment_status":"open","ping_status":"open","sticky":false,"template":"","format":"standard","meta":{"footnotes":""},"categories":[68,51],"tags":[],"class_list":["post-40398","post","type-post","status-publish","format-standard","has-post-thumbnail","hentry","category-destacada","category-provincias"],"_links":{"self":[{"href":"https:\/\/clicdenoticias.com\/index.php\/wp-json\/wp\/v2\/posts\/40398","targetHints":{"allow":["GET"]}}],"collection":[{"href":"https:\/\/clicdenoticias.com\/index.php\/wp-json\/wp\/v2\/posts"}],"about":[{"href":"https:\/\/clicdenoticias.com\/index.php\/wp-json\/wp\/v2\/types\/post"}],"author":[{"embeddable":true,"href":"https:\/\/clicdenoticias.com\/index.php\/wp-json\/wp\/v2\/users\/2"}],"replies":[{"embeddable":true,"href":"https:\/\/clicdenoticias.com\/index.php\/wp-json\/wp\/v2\/comments?post=40398"}],"version-history":[{"count":1,"href":"https:\/\/clicdenoticias.com\/index.php\/wp-json\/wp\/v2\/posts\/40398\/revisions"}],"predecessor-version":[{"id":40400,"href":"https:\/\/clicdenoticias.com\/index.php\/wp-json\/wp\/v2\/posts\/40398\/revisions\/40400"}],"wp:featuredmedia":[{"embeddable":true,"href":"https:\/\/clicdenoticias.com\/index.php\/wp-json\/wp\/v2\/media\/40399"}],"wp:attachment":[{"href":"https:\/\/clicdenoticias.com\/index.php\/wp-json\/wp\/v2\/media?parent=40398"}],"wp:term":[{"taxonomy":"category","embeddable":true,"href":"https:\/\/clicdenoticias.com\/index.php\/wp-json\/wp\/v2\/categories?post=40398"},{"taxonomy":"post_tag","embeddable":true,"href":"https:\/\/clicdenoticias.com\/index.php\/wp-json\/wp\/v2\/tags?post=40398"}],"curies":[{"name":"wp","href":"https:\/\/api.w.org\/{rel}","templated":true}]}}