{"id":40401,"date":"2024-07-08T08:46:43","date_gmt":"2024-07-08T11:46:43","guid":{"rendered":"https:\/\/clicdenoticias.com\/?p=40401"},"modified":"2024-07-08T08:46:44","modified_gmt":"2024-07-08T11:46:44","slug":"el-gobierno-dice-que-se-empiezan-a-ver-los-anuncios-de-inversion-y-busca-transmitir-confianza-es-asi","status":"publish","type":"post","link":"https:\/\/clicdenoticias.com\/index.php\/2024\/07\/08\/el-gobierno-dice-que-se-empiezan-a-ver-los-anuncios-de-inversion-y-busca-transmitir-confianza-es-asi\/","title":{"rendered":"El Gobierno dice que se empiezan a ver los anuncios de inversi\u00f3n y busca transmitir confianza: \u00bfes as\u00ed?"},"content":{"rendered":"\n<p>El Gobierno&nbsp;<strong>buscar\u00e1 instalar la dudosa imagen de que la recesi\u00f3n toca fondo<\/strong>&nbsp;y en el segundo semestre se iniciar\u00e1 la recuperaci\u00f3n de la econom\u00eda y el empleo, una proyecci\u00f3n que por ahora no tiene correlato en los n\u00fameros duros.<\/p>\n\n\n\n<p>El&nbsp;<strong>presidente Javier Milei<\/strong>&nbsp;ya tiene a su ministro para encarar la etapa fina de la desregulaci\u00f3n, con la asunci\u00f3n finalmente de&nbsp;<strong>Federico Sturzenegger<\/strong>, quien va por la revancha tras dos paso fallidos por la administraci\u00f3n p\u00fablica, en el 2001 (fue secretario de Pol\u00edtica Econ\u00f3mica de Fernando de la R\u00faa) y durante el gobierno de Mauricio Macri al frente del Banco Central hasta que fue despedido y reemplazado por Luis Caputo.<\/p>\n\n\n\n<p><strong>\u00abQu\u00e9 lujo me estoy dando\u00bb<\/strong>, exager\u00f3 tal vez el jefe libertario cuando puso en funciones a quien llama \u201cel coloso\u201d.<\/p>\n\n\n\n<p>En ese marco, los agentes econ\u00f3micos empiezan a mirar cada vez con m\u00e1s detalle los pasos que va dando&nbsp;<strong>el Banco Central, presidido por Santiago Bausili, casi un alter ego del ministro de Econom\u00eda, Luis Caputo.<\/strong><\/p>\n\n\n\n<p>El primer dato son los movimientos de la autoridad monetaria que tienen poco impacto en los titulares, pero reflejan intenciones de un giro en la nueva estrategia que parece haber dise\u00f1ado el gobierno para avanzar hacia la eliminaci\u00f3n del cepo cambiario.<\/p>\n\n\n\n<p>Milei cree que si logra levantar las restricciones en el primer trimestre del 2025, y la econom\u00eda para ese entonces ya peg\u00f3 la vuelta y crece a buen ritmo, las legislativas del a\u00f1o pr\u00f3ximo le permitir\u00e1n consolidar un bloque en el Congreso que posibilite avanzar con m\u00e1s leyes claves para consolidar su modelo libertario.&nbsp;<\/p>\n\n\n\n<p>Por eso ratifica su decisi\u00f3n de no ceder ante una devaluaci\u00f3n y, sobre todo, sostener el equilibrio fiscal cueste lo que cueste.<\/p>\n\n\n\n<p>La nueva etapa de la fase dos ser\u00e1 la de ir terminando con las restricciones capa por capa, como si de pelar una cebolla se tratara.<\/p>\n\n\n\n<p>Pero desde la oposici\u00f3n, con Cristina Kirchner a la cabeza, apuntan a que el gobierno opt\u00f3 por concentrarse en la emisi\u00f3n monetaria y el d\u00e9ficit fiscal, cuando la clave para la recuperaci\u00f3n econ\u00f3mica pasa por alentar el consumo y subir las reservas.&nbsp;<\/p>\n\n\n\n<p>Una vieja discusi\u00f3n en la que por momentos ambas bibliotecas parecen tener raz\u00f3n, y a su vez estar equivocadas.<\/p>\n\n\n\n<p>Ahora le toca el turno de gobernar a la biblioteca ortodoxa, uno de cuyos m\u00e1ximos desaf\u00edos pasa por reducir la deuda del Banco Central y traspasarla al Tesoro. Se har\u00e1 en dos etapas. Primero se emitir\u00e1 una letra de liquidez y luego se har\u00e1 el canje con los bancos, que se viene negociando desde hacer semanas y que todav\u00eda no termina de convencer a las entidades financieras.<\/p>\n\n\n\n<p>Esas letras ser\u00e1n canjeadas por bonos actualizados por inflaci\u00f3n que vencen de aqu\u00ed al 2027 y que seg\u00fan el BCRA tendr\u00e1 el mismo funcionamiento de que los pases a un d\u00eda.<\/p>\n\n\n\n<p>La bala de plata ser\u00eda alcanzar un nuevo acuerdo con el FMI que libere un piso de u$s8.000 millones para la Argentina y se enmarque en nuevo programa alineado con la tercera fase del programa econ\u00f3mico, a\u00fan por definirse.<\/p>\n\n\n\n<p>Mientras ese momento llega, el gobierno apuesta a profundizar el ancla fiscal del programa y cerrar el circuito para dejar de emitir.<\/p>\n\n\n\n<p>Mientras tanto,&nbsp;<strong>cerca del equipo de Caputo admiten que en junio la inflaci\u00f3n cerr\u00f3 en zona del 5%<\/strong>, es decir, no se pudo seguir bajando este indicador clave, pero aseguran que en julio, al no haber incrementos de tarifa de luz y gas, el costo de vida volver\u00e1 a bajar, hasta estabilizarse en la zona del 4%.<\/p>\n\n\n\n<p>La pregunta que se hacen consultoras es c\u00f3mo piensa el gobierno conciliar un \u00edndice de precios corriendo al 4% mensual con una crawling peg del 2 por ciento.<\/p>\n\n\n\n<p><strong>\u201cPrep\u00e1rense, porque vendr\u00e1n muchos anuncios de inversiones\u201d<\/strong>, aseguran cerca de Milei, quien pas\u00f3 el fin de semana en Brasil junto al expresidente Jair Bolsonaro y el martes, en Tucum\u00e1n, sellar\u00e1 el Pacto de Mayo junto a 17 gobernadores, nada mal teniendo en cuentra los nubarrones que atraves\u00f3 la gesti\u00f3n libertaria en el primer semestre.<\/p>\n\n\n\n<p>foto y texto: NA<\/p>\n","protected":false},"excerpt":{"rendered":"<p>El Gobierno&nbsp;buscar\u00e1 instalar la dudosa imagen de que la recesi\u00f3n toca fondo&nbsp;y en el segundo semestre se iniciar\u00e1 la recuperaci\u00f3n de la econom\u00eda y el empleo, una proyecci\u00f3n que por ahora no tiene correlato en los n\u00fameros duros. El&nbsp;presidente Javier Milei&nbsp;ya tiene a su ministro para encarar la etapa fina de la desregulaci\u00f3n, con la [&hellip;]<\/p>\n","protected":false},"author":2,"featured_media":40402,"comment_status":"open","ping_status":"open","sticky":false,"template":"","format":"standard","meta":{"footnotes":""},"categories":[68,44],"tags":[],"class_list":["post-40401","post","type-post","status-publish","format-standard","has-post-thumbnail","hentry","category-destacada","category-economia"],"_links":{"self":[{"href":"https:\/\/clicdenoticias.com\/index.php\/wp-json\/wp\/v2\/posts\/40401","targetHints":{"allow":["GET"]}}],"collection":[{"href":"https:\/\/clicdenoticias.com\/index.php\/wp-json\/wp\/v2\/posts"}],"about":[{"href":"https:\/\/clicdenoticias.com\/index.php\/wp-json\/wp\/v2\/types\/post"}],"author":[{"embeddable":true,"href":"https:\/\/clicdenoticias.com\/index.php\/wp-json\/wp\/v2\/users\/2"}],"replies":[{"embeddable":true,"href":"https:\/\/clicdenoticias.com\/index.php\/wp-json\/wp\/v2\/comments?post=40401"}],"version-history":[{"count":1,"href":"https:\/\/clicdenoticias.com\/index.php\/wp-json\/wp\/v2\/posts\/40401\/revisions"}],"predecessor-version":[{"id":40403,"href":"https:\/\/clicdenoticias.com\/index.php\/wp-json\/wp\/v2\/posts\/40401\/revisions\/40403"}],"wp:featuredmedia":[{"embeddable":true,"href":"https:\/\/clicdenoticias.com\/index.php\/wp-json\/wp\/v2\/media\/40402"}],"wp:attachment":[{"href":"https:\/\/clicdenoticias.com\/index.php\/wp-json\/wp\/v2\/media?parent=40401"}],"wp:term":[{"taxonomy":"category","embeddable":true,"href":"https:\/\/clicdenoticias.com\/index.php\/wp-json\/wp\/v2\/categories?post=40401"},{"taxonomy":"post_tag","embeddable":true,"href":"https:\/\/clicdenoticias.com\/index.php\/wp-json\/wp\/v2\/tags?post=40401"}],"curies":[{"name":"wp","href":"https:\/\/api.w.org\/{rel}","templated":true}]}}