{"id":42498,"date":"2024-09-24T08:28:51","date_gmt":"2024-09-24T11:28:51","guid":{"rendered":"https:\/\/clicdenoticias.com\/?p=42498"},"modified":"2024-09-24T08:28:52","modified_gmt":"2024-09-24T11:28:52","slug":"sujarchuk-tildo-de-inexplicable-la-posicion-de-argentina-en-la-onu-nos-deja-afuera-de-la-agenda-del-futuro","status":"publish","type":"post","link":"https:\/\/clicdenoticias.com\/index.php\/2024\/09\/24\/sujarchuk-tildo-de-inexplicable-la-posicion-de-argentina-en-la-onu-nos-deja-afuera-de-la-agenda-del-futuro\/","title":{"rendered":"Sujarchuk tild\u00f3 de \u201cinexplicable\u201d la posici\u00f3n de Argentina en la ONU: \u201cNos deja afuera de la agenda del futuro\u201d"},"content":{"rendered":"\n<p>El intendente de Escobar,<strong>&nbsp;Ariel Sujarchuk<\/strong>, caratul\u00f3 de \u00abinexplicable\u00bb la posici\u00f3n del gobierno de Javier Milei en contra del&nbsp;<strong>\u00abPacto del Futuro\u00bb<\/strong>, un acuerdo aprobado en la&nbsp;<strong>Asamblea General de Naciones Unidas&nbsp;<\/strong>con apoyo de 193 pa\u00edses, que establece acciones y propuestas para garantizar derechos sociales, pol\u00edticos y econ\u00f3micos.<\/p>\n\n\n\n<p>\u201c<strong>Me resulta llamativo y preocupante que el gobierno nacional se haya alineado en contra del Pacto Del Futuro, en sinton\u00eda con pa\u00edses como Venezuela, Hait\u00ed, Burkina Faso y Chad, entre otros<\/strong>. En cambio, Estados Unidos, Israel, Jap\u00f3n, la Comunidad Europea, nuestro aliado estrat\u00e9gico Brasil, naciones hermanas como Uruguay y Chile, los integrantes del BRICS, por citar algunos, respaldan este acuerdo mundial para enfrentar grandes desaf\u00edos globales como el cambio clim\u00e1tico, la pobreza y la promoci\u00f3n de la paz y seguridad\u201d, critic\u00f3 el intendente Ariel Sujarchuk.<\/p>\n\n\n\n<p>fuente: NA<\/p>\n","protected":false},"excerpt":{"rendered":"<p>El intendente de Escobar,&nbsp;Ariel Sujarchuk, caratul\u00f3 de \u00abinexplicable\u00bb la posici\u00f3n del gobierno de Javier Milei en contra del&nbsp;\u00abPacto del Futuro\u00bb, un acuerdo aprobado en la&nbsp;Asamblea General de Naciones Unidas&nbsp;con apoyo de 193 pa\u00edses, que establece acciones y propuestas para garantizar derechos sociales, pol\u00edticos y econ\u00f3micos. \u201cMe resulta llamativo y preocupante que el gobierno nacional se [&hellip;]<\/p>\n","protected":false},"author":2,"featured_media":42499,"comment_status":"open","ping_status":"open","sticky":false,"template":"","format":"standard","meta":{"footnotes":""},"categories":[43],"tags":[],"class_list":["post-42498","post","type-post","status-publish","format-standard","has-post-thumbnail","hentry","category-politica"],"_links":{"self":[{"href":"https:\/\/clicdenoticias.com\/index.php\/wp-json\/wp\/v2\/posts\/42498","targetHints":{"allow":["GET"]}}],"collection":[{"href":"https:\/\/clicdenoticias.com\/index.php\/wp-json\/wp\/v2\/posts"}],"about":[{"href":"https:\/\/clicdenoticias.com\/index.php\/wp-json\/wp\/v2\/types\/post"}],"author":[{"embeddable":true,"href":"https:\/\/clicdenoticias.com\/index.php\/wp-json\/wp\/v2\/users\/2"}],"replies":[{"embeddable":true,"href":"https:\/\/clicdenoticias.com\/index.php\/wp-json\/wp\/v2\/comments?post=42498"}],"version-history":[{"count":1,"href":"https:\/\/clicdenoticias.com\/index.php\/wp-json\/wp\/v2\/posts\/42498\/revisions"}],"predecessor-version":[{"id":42500,"href":"https:\/\/clicdenoticias.com\/index.php\/wp-json\/wp\/v2\/posts\/42498\/revisions\/42500"}],"wp:featuredmedia":[{"embeddable":true,"href":"https:\/\/clicdenoticias.com\/index.php\/wp-json\/wp\/v2\/media\/42499"}],"wp:attachment":[{"href":"https:\/\/clicdenoticias.com\/index.php\/wp-json\/wp\/v2\/media?parent=42498"}],"wp:term":[{"taxonomy":"category","embeddable":true,"href":"https:\/\/clicdenoticias.com\/index.php\/wp-json\/wp\/v2\/categories?post=42498"},{"taxonomy":"post_tag","embeddable":true,"href":"https:\/\/clicdenoticias.com\/index.php\/wp-json\/wp\/v2\/tags?post=42498"}],"curies":[{"name":"wp","href":"https:\/\/api.w.org\/{rel}","templated":true}]}}