{"id":42501,"date":"2024-09-24T08:30:36","date_gmt":"2024-09-24T11:30:36","guid":{"rendered":"https:\/\/clicdenoticias.com\/?p=42501"},"modified":"2024-09-24T08:30:37","modified_gmt":"2024-09-24T11:30:37","slug":"francos-dio-detalles-de-la-asistencia-a-cordoba-por-los-incendios-y-cruzo-duro-a-kicillof","status":"publish","type":"post","link":"https:\/\/clicdenoticias.com\/index.php\/2024\/09\/24\/francos-dio-detalles-de-la-asistencia-a-cordoba-por-los-incendios-y-cruzo-duro-a-kicillof\/","title":{"rendered":"Francos dio detalles de la asistencia a C\u00f3rdoba por los incendios y cruz\u00f3 duro a Kicillof"},"content":{"rendered":"\n<p>El jefe de Gabinete, Guillermo Francos, dio hoy detalles de la asistencia que la Naci\u00f3n viene coordinando con el gobernador de C\u00f3rdoba, Mart\u00edn Llaryora, para afrontar los incendios que afectan a la provincia, al tiempo que cruz\u00f3 fuerte al mandatario de Buenos Aires, Axel Kicillof, quien hab\u00eda dicho que el Ejecutivo nacional estaba \u00abmirando para otro lado\u00bb.<\/p>\n\n\n\n<p>\u00abEn lugar de administrar su provincia, el gobernador Kicillof se dedica a hacer pol\u00edtica barata con los incendios que azotan a C\u00f3rdoba. Miente, porque la Jefatura de Gabinete, a trav\u00e9s del SNMF, se ocupa desde el primer momento de ayudar a combatir la cat\u00e1strofe junto a la provincia\u00bb, advirti\u00f3 Francos en la red social X.<\/p>\n\n\n\n<p>Al respecto, detall\u00f3 que ya se enviaron \u00abtres aviones hidrantes, dos helic\u00f3pteros y m\u00e1s de 40 brigadistas, que est\u00e1n desde la semana pasada asistiendo donde m\u00e1s se los requiere\u00bb.<\/p>\n\n\n\n<p>\u00abAnoche convers\u00e9 sobre la situaci\u00f3n con el gobernador Llaryora, quien me coment\u00f3 que sin perjuicio de la gravedad del incendio est\u00e1n haciendo lo necesario y lo posible para controlar el evento, cuya evoluci\u00f3n tambi\u00e9n depende de los fuertes vientos, la sequ\u00eda y la falta de lluvia\u00bb, agreg\u00f3 el funcionario nacional.&nbsp;<\/p>\n\n\n\n<p>Y cerro: \u00abEl Gobierno nacional sigue a disposici\u00f3n de los cordobeses, sin especulaciones pol\u00edticas\u00bb.<\/p>\n\n\n\n<p>De esa forma, Francos aludi\u00f3 a Kicillof, quien horas antes en las redes sociales difundi\u00f3 que \u00abla provincia de Buenos Aires no permanece indiferente ante la dram\u00e1tica situaci\u00f3n que est\u00e1 atravesando C\u00f3rdoba por los incendios forestales\u00bb.<\/p>\n\n\n\n<p>\u00abNos comunicamos con el gobernador @MartinLlaryora y enviamos helic\u00f3pteros y brigadistas para ayudar a combatir el fuego que tanto da\u00f1o est\u00e1 causando, ante un Gobierno nacional que decide mirar para otro lado\u00bb, sostuvo el dirigente kirchnerista al criticar a la gesti\u00f3n libertaria.<\/p>\n\n\n\n<p>Y agreg\u00f3: \u00abAunque no nos sobren los recursos siempre vamos a estar a disposici\u00f3n de C\u00f3rdoba y de cada distrito que lo necesite porque creemos que la solidaridad y el federalismo son los pilares sobre los que se construye nuestro pa\u00eds\u00bb.<\/p>\n\n\n\n<p>fuente: NA<\/p>\n","protected":false},"excerpt":{"rendered":"<p>El jefe de Gabinete, Guillermo Francos, dio hoy detalles de la asistencia que la Naci\u00f3n viene coordinando con el gobernador de C\u00f3rdoba, Mart\u00edn Llaryora, para afrontar los incendios que afectan a la provincia, al tiempo que cruz\u00f3 fuerte al mandatario de Buenos Aires, Axel Kicillof, quien hab\u00eda dicho que el Ejecutivo nacional estaba \u00abmirando para [&hellip;]<\/p>\n","protected":false},"author":2,"featured_media":42502,"comment_status":"open","ping_status":"open","sticky":false,"template":"","format":"standard","meta":{"footnotes":""},"categories":[68,51],"tags":[],"class_list":["post-42501","post","type-post","status-publish","format-standard","has-post-thumbnail","hentry","category-destacada","category-provincias"],"_links":{"self":[{"href":"https:\/\/clicdenoticias.com\/index.php\/wp-json\/wp\/v2\/posts\/42501","targetHints":{"allow":["GET"]}}],"collection":[{"href":"https:\/\/clicdenoticias.com\/index.php\/wp-json\/wp\/v2\/posts"}],"about":[{"href":"https:\/\/clicdenoticias.com\/index.php\/wp-json\/wp\/v2\/types\/post"}],"author":[{"embeddable":true,"href":"https:\/\/clicdenoticias.com\/index.php\/wp-json\/wp\/v2\/users\/2"}],"replies":[{"embeddable":true,"href":"https:\/\/clicdenoticias.com\/index.php\/wp-json\/wp\/v2\/comments?post=42501"}],"version-history":[{"count":1,"href":"https:\/\/clicdenoticias.com\/index.php\/wp-json\/wp\/v2\/posts\/42501\/revisions"}],"predecessor-version":[{"id":42503,"href":"https:\/\/clicdenoticias.com\/index.php\/wp-json\/wp\/v2\/posts\/42501\/revisions\/42503"}],"wp:featuredmedia":[{"embeddable":true,"href":"https:\/\/clicdenoticias.com\/index.php\/wp-json\/wp\/v2\/media\/42502"}],"wp:attachment":[{"href":"https:\/\/clicdenoticias.com\/index.php\/wp-json\/wp\/v2\/media?parent=42501"}],"wp:term":[{"taxonomy":"category","embeddable":true,"href":"https:\/\/clicdenoticias.com\/index.php\/wp-json\/wp\/v2\/categories?post=42501"},{"taxonomy":"post_tag","embeddable":true,"href":"https:\/\/clicdenoticias.com\/index.php\/wp-json\/wp\/v2\/tags?post=42501"}],"curies":[{"name":"wp","href":"https:\/\/api.w.org\/{rel}","templated":true}]}}