{"id":42504,"date":"2024-09-24T08:32:19","date_gmt":"2024-09-24T11:32:19","guid":{"rendered":"https:\/\/clicdenoticias.com\/?p=42504"},"modified":"2024-09-24T08:32:20","modified_gmt":"2024-09-24T11:32:20","slug":"milei-hablo-del-cepo-en-nueva-york-y-las-acciones-cayeron-hasta-36","status":"publish","type":"post","link":"https:\/\/clicdenoticias.com\/index.php\/2024\/09\/24\/milei-hablo-del-cepo-en-nueva-york-y-las-acciones-cayeron-hasta-36\/","title":{"rendered":"Milei habl\u00f3 del cepo en Nueva York y las acciones cayeron hasta 3,6 %"},"content":{"rendered":"\n<p>La definici\u00f3n hecha hoy por el presidente Javier Milei de que al cepo cambiario el Gobierno lo va a liberar cuando la tasa de inflaci\u00f3n que tiene el programa macroecon\u00f3mico sea cero\u201d, gener\u00f3 una mayor corriente vendedora en el sector accionario.<\/p>\n\n\n\n<p>En la bolsa porte\u00f1a, el \u00edndice l\u00edder S&amp;P Merval, cay\u00f3 1,8% a 1.790.228,16 unidades, las retracciones m\u00e1s importantes fueron las de Loma Negra, 4,1%; Mirgor, 3%; YPF, 2,8%; y Banco Macro, 2,7%.<\/p>\n\n\n\n<p>En Wall Street, los ADRs que m\u00e1s cayeron fueron los de Loma Negra, con el 3,6%; YPF, 3,2%; Pampa Energ\u00eda, 3%; y Banco Macro, 2,9%. Las \u00fanicas que subieron fueron Globant con el 2% y Cresud, 1%.<\/p>\n\n\n\n<p>Tambi\u00e9n influy\u00f3 en la operatoria el anuncio del Gobierno que llevar\u00e1 adelante un nuevo canje de bonos, lo que provoc\u00f3 una mayor oferta de t\u00edtulos de la deuda que se tradujo en bajas selectivas.<\/p>\n\n\n\n<p>Los bonos en d\u00f3lares exhibieron mayor\u00eda de saldo negativo destac\u00e1ndose el del Global 2029, con un retroceso del 1,5%. Sin embargo, algunos inversionistas tomaron posiciones en t\u00edtulos de largo plazo, como los casos del Global 2038 y 2046, ambos con subas del 0,5%<\/p>\n\n\n\n<p>En ese contexto, el Riesgo Pa\u00eds baj\u00f3 0,8% a 1.308 puntos b\u00e1sicos, seg\u00fan la medici\u00f3n de JP Morgan.<\/p>\n\n\n\n<p>fuente:: NA<\/p>\n","protected":false},"excerpt":{"rendered":"<p>La definici\u00f3n hecha hoy por el presidente Javier Milei de que al cepo cambiario el Gobierno lo va a liberar cuando la tasa de inflaci\u00f3n que tiene el programa macroecon\u00f3mico sea cero\u201d, gener\u00f3 una mayor corriente vendedora en el sector accionario. En la bolsa porte\u00f1a, el \u00edndice l\u00edder S&amp;P Merval, cay\u00f3 1,8% a 1.790.228,16 unidades, [&hellip;]<\/p>\n","protected":false},"author":2,"featured_media":42505,"comment_status":"open","ping_status":"open","sticky":false,"template":"","format":"standard","meta":{"footnotes":""},"categories":[44],"tags":[],"class_list":["post-42504","post","type-post","status-publish","format-standard","has-post-thumbnail","hentry","category-economia"],"_links":{"self":[{"href":"https:\/\/clicdenoticias.com\/index.php\/wp-json\/wp\/v2\/posts\/42504","targetHints":{"allow":["GET"]}}],"collection":[{"href":"https:\/\/clicdenoticias.com\/index.php\/wp-json\/wp\/v2\/posts"}],"about":[{"href":"https:\/\/clicdenoticias.com\/index.php\/wp-json\/wp\/v2\/types\/post"}],"author":[{"embeddable":true,"href":"https:\/\/clicdenoticias.com\/index.php\/wp-json\/wp\/v2\/users\/2"}],"replies":[{"embeddable":true,"href":"https:\/\/clicdenoticias.com\/index.php\/wp-json\/wp\/v2\/comments?post=42504"}],"version-history":[{"count":1,"href":"https:\/\/clicdenoticias.com\/index.php\/wp-json\/wp\/v2\/posts\/42504\/revisions"}],"predecessor-version":[{"id":42506,"href":"https:\/\/clicdenoticias.com\/index.php\/wp-json\/wp\/v2\/posts\/42504\/revisions\/42506"}],"wp:featuredmedia":[{"embeddable":true,"href":"https:\/\/clicdenoticias.com\/index.php\/wp-json\/wp\/v2\/media\/42505"}],"wp:attachment":[{"href":"https:\/\/clicdenoticias.com\/index.php\/wp-json\/wp\/v2\/media?parent=42504"}],"wp:term":[{"taxonomy":"category","embeddable":true,"href":"https:\/\/clicdenoticias.com\/index.php\/wp-json\/wp\/v2\/categories?post=42504"},{"taxonomy":"post_tag","embeddable":true,"href":"https:\/\/clicdenoticias.com\/index.php\/wp-json\/wp\/v2\/tags?post=42504"}],"curies":[{"name":"wp","href":"https:\/\/api.w.org\/{rel}","templated":true}]}}