{"id":42522,"date":"2024-09-25T08:37:24","date_gmt":"2024-09-25T11:37:24","guid":{"rendered":"https:\/\/clicdenoticias.com\/?p=42522"},"modified":"2024-09-25T08:37:25","modified_gmt":"2024-09-25T11:37:25","slug":"reconocimiento-del-ips-a-trabajadoras-vecinales-de-ituzaingo","status":"publish","type":"post","link":"https:\/\/clicdenoticias.com\/index.php\/2024\/09\/25\/reconocimiento-del-ips-a-trabajadoras-vecinales-de-ituzaingo\/","title":{"rendered":"RECONOCIMIENTO DEL IPS A TRABAJADORAS VECINALES DE ITUZAING\u00d3"},"content":{"rendered":"\n<p>&nbsp;Este lunes 23 de septiembre, en el marco del 30\u00b0 aniversario del Plan \u201cM\u00e1s Vida\u00bb, el IPS entreg\u00f3 en el municipio de Ituzaing\u00f3 doce resoluciones que reconocen el rol social y solidario de trabajadoras vecinales de la localidad.<\/p>\n\n\n\n<p>&nbsp;Esta reparaci\u00f3n hist\u00f3rica, se trata de un r\u00e9gimen especial del IPS que contempla un subsidio vitalicio para las trabajadoras vecinales, m\u00e1s conocidas como \u201cmanzaneras\u201d, que cuentan con 25 a\u00f1os de servicio voluntario comprobables y 60 a\u00f1os de edad, seg\u00fan lo establece la Ley N\u00b0 14.245.<\/p>\n\n\n\n<p>&nbsp;Para otorgar estos reconocimientos, el IPS trabaj\u00f3 en conjunto con el Ministerio de Desarrollo Social y el Municipio de Ituzaing\u00f3. De esta manera, el gobierno provincial reconoce los derechos a las mujeres que voluntariamente desarrollan su tarea en el marco del programa \u201cM\u00e1s Vida\u201d, dirigido a todas las personas gestantes a partir de los 3 meses de embarazo y los ni\u00f1os y ni\u00f1as de 0 a 6 a\u00f1os en situaci\u00f3n de vulnerabilidad social.<\/p>\n\n\n\n<h1 class=\"wp-block-heading\">&nbsp;De este acto de reconocimiento participaron: Jos\u00e9 Gallafent, Director General de Fortalecimiento Comunitario; Nicolas Cuello, Director de Acceso a la Seguridad Alimentaria del Ministerio de Desarrollo de la Provincia de Buenos Aires; Bruno Bozzano, Director de Seguridad y Soberan\u00eda Alimentaria del Ministerio de Desarrollo de la Provincia de Buenos Aires; y Federico Corral, Director Regional de IPS (Instituto de Previsi\u00f3n Social) de la provincia de Buenos Aires.<\/h1>\n","protected":false},"excerpt":{"rendered":"<p>&nbsp;Este lunes 23 de septiembre, en el marco del 30\u00b0 aniversario del Plan \u201cM\u00e1s Vida\u00bb, el IPS entreg\u00f3 en el municipio de Ituzaing\u00f3 doce resoluciones que reconocen el rol social y solidario de trabajadoras vecinales de la localidad. &nbsp;Esta reparaci\u00f3n hist\u00f3rica, se trata de un r\u00e9gimen especial del IPS que contempla un subsidio vitalicio para [&hellip;]<\/p>\n","protected":false},"author":2,"featured_media":42523,"comment_status":"open","ping_status":"open","sticky":false,"template":"","format":"standard","meta":{"footnotes":""},"categories":[45],"tags":[],"class_list":["post-42522","post","type-post","status-publish","format-standard","has-post-thumbnail","hentry","category-sociedad"],"_links":{"self":[{"href":"https:\/\/clicdenoticias.com\/index.php\/wp-json\/wp\/v2\/posts\/42522","targetHints":{"allow":["GET"]}}],"collection":[{"href":"https:\/\/clicdenoticias.com\/index.php\/wp-json\/wp\/v2\/posts"}],"about":[{"href":"https:\/\/clicdenoticias.com\/index.php\/wp-json\/wp\/v2\/types\/post"}],"author":[{"embeddable":true,"href":"https:\/\/clicdenoticias.com\/index.php\/wp-json\/wp\/v2\/users\/2"}],"replies":[{"embeddable":true,"href":"https:\/\/clicdenoticias.com\/index.php\/wp-json\/wp\/v2\/comments?post=42522"}],"version-history":[{"count":1,"href":"https:\/\/clicdenoticias.com\/index.php\/wp-json\/wp\/v2\/posts\/42522\/revisions"}],"predecessor-version":[{"id":42524,"href":"https:\/\/clicdenoticias.com\/index.php\/wp-json\/wp\/v2\/posts\/42522\/revisions\/42524"}],"wp:featuredmedia":[{"embeddable":true,"href":"https:\/\/clicdenoticias.com\/index.php\/wp-json\/wp\/v2\/media\/42523"}],"wp:attachment":[{"href":"https:\/\/clicdenoticias.com\/index.php\/wp-json\/wp\/v2\/media?parent=42522"}],"wp:term":[{"taxonomy":"category","embeddable":true,"href":"https:\/\/clicdenoticias.com\/index.php\/wp-json\/wp\/v2\/categories?post=42522"},{"taxonomy":"post_tag","embeddable":true,"href":"https:\/\/clicdenoticias.com\/index.php\/wp-json\/wp\/v2\/tags?post=42522"}],"curies":[{"name":"wp","href":"https:\/\/api.w.org\/{rel}","templated":true}]}}