{"id":42528,"date":"2024-09-25T08:45:37","date_gmt":"2024-09-25T11:45:37","guid":{"rendered":"https:\/\/clicdenoticias.com\/?p=42528"},"modified":"2024-09-25T08:45:38","modified_gmt":"2024-09-25T11:45:38","slug":"por-los-incendios-milei-viaja-a-cordoba-para-monitorear-el-operativo-de-emergencia","status":"publish","type":"post","link":"https:\/\/clicdenoticias.com\/index.php\/2024\/09\/25\/por-los-incendios-milei-viaja-a-cordoba-para-monitorear-el-operativo-de-emergencia\/","title":{"rendered":"Por los incendios, Milei viaja a C\u00f3rdoba para monitorear el operativo de emergencia"},"content":{"rendered":"\n<p>El presidente Javier Milei se trasladar\u00e1 este mediod\u00eda a la provincia de C\u00f3rdoba en medio de los estragos ambientales, econ\u00f3micos y sociales por los incendios.<\/p>\n\n\n\n<p>Seg\u00fan informaron fuentes de la Presidencia, el jefe de Estado ir\u00e1 en una comitiva integrada tambi\u00e9n por la Secretaria General de la Presidencia, Karina Milei, y por el Jefe de Gabinete, Guillermo Francos.<\/p>\n\n\n\n<p>A ra\u00edz del avance del fuego, m\u00e1s de 40 mil hect\u00e1reas forestales fueron arrasados y muchas familias y productores perdieron todo lo que ten\u00edan.<\/p>\n\n\n\n<p>El presidente se dirigir\u00e1 a C\u00f3rdoba luego de retornar esta ma\u00f1an &nbsp;de su gira oficial por Estados Unidos.<\/p>\n\n\n\n<p>Luego de reunirse con la presidenta de la comisi\u00f3n Europea, \u00darsula von der Leyen, Milei se encuentra retornando al pa\u00eds en un vuelo que parti\u00f3 a las 22 hs desde Nueva York, tocando suelo argentino en horas de esta ma\u00f1ana.<br>&nbsp;<\/p>\n\n\n\n<p>fuente: NA<\/p>\n","protected":false},"excerpt":{"rendered":"<p>El presidente Javier Milei se trasladar\u00e1 este mediod\u00eda a la provincia de C\u00f3rdoba en medio de los estragos ambientales, econ\u00f3micos y sociales por los incendios. Seg\u00fan informaron fuentes de la Presidencia, el jefe de Estado ir\u00e1 en una comitiva integrada tambi\u00e9n por la Secretaria General de la Presidencia, Karina Milei, y por el Jefe de [&hellip;]<\/p>\n","protected":false},"author":2,"featured_media":42529,"comment_status":"open","ping_status":"open","sticky":false,"template":"","format":"standard","meta":{"footnotes":""},"categories":[68,51],"tags":[],"class_list":["post-42528","post","type-post","status-publish","format-standard","has-post-thumbnail","hentry","category-destacada","category-provincias"],"_links":{"self":[{"href":"https:\/\/clicdenoticias.com\/index.php\/wp-json\/wp\/v2\/posts\/42528","targetHints":{"allow":["GET"]}}],"collection":[{"href":"https:\/\/clicdenoticias.com\/index.php\/wp-json\/wp\/v2\/posts"}],"about":[{"href":"https:\/\/clicdenoticias.com\/index.php\/wp-json\/wp\/v2\/types\/post"}],"author":[{"embeddable":true,"href":"https:\/\/clicdenoticias.com\/index.php\/wp-json\/wp\/v2\/users\/2"}],"replies":[{"embeddable":true,"href":"https:\/\/clicdenoticias.com\/index.php\/wp-json\/wp\/v2\/comments?post=42528"}],"version-history":[{"count":1,"href":"https:\/\/clicdenoticias.com\/index.php\/wp-json\/wp\/v2\/posts\/42528\/revisions"}],"predecessor-version":[{"id":42530,"href":"https:\/\/clicdenoticias.com\/index.php\/wp-json\/wp\/v2\/posts\/42528\/revisions\/42530"}],"wp:featuredmedia":[{"embeddable":true,"href":"https:\/\/clicdenoticias.com\/index.php\/wp-json\/wp\/v2\/media\/42529"}],"wp:attachment":[{"href":"https:\/\/clicdenoticias.com\/index.php\/wp-json\/wp\/v2\/media?parent=42528"}],"wp:term":[{"taxonomy":"category","embeddable":true,"href":"https:\/\/clicdenoticias.com\/index.php\/wp-json\/wp\/v2\/categories?post=42528"},{"taxonomy":"post_tag","embeddable":true,"href":"https:\/\/clicdenoticias.com\/index.php\/wp-json\/wp\/v2\/tags?post=42528"}],"curies":[{"name":"wp","href":"https:\/\/api.w.org\/{rel}","templated":true}]}}