{"id":42531,"date":"2024-09-25T08:52:32","date_gmt":"2024-09-25T11:52:32","guid":{"rendered":"https:\/\/clicdenoticias.com\/?p=42531"},"modified":"2024-09-25T08:52:33","modified_gmt":"2024-09-25T11:52:33","slug":"aeronavegantes-iran-al-congreso-en-contra-de-la-privatizacion-de-aerolineas-argentinas","status":"publish","type":"post","link":"https:\/\/clicdenoticias.com\/index.php\/2024\/09\/25\/aeronavegantes-iran-al-congreso-en-contra-de-la-privatizacion-de-aerolineas-argentinas\/","title":{"rendered":"Aeronavegantes ir\u00e1n al Congreso en contra de la privatizaci\u00f3n de Aerol\u00edneas Argentinas"},"content":{"rendered":"\n<p>La<strong>&nbsp;Asociaci\u00f3n Argentina de Aeronavegantes,&nbsp;<\/strong>que nuclea al personal de cabina, convoc\u00f3 junto a distintas organizaciones del sector aeron\u00e1utico a la<strong>&nbsp;marcha que se realizar\u00e1 este mi\u00e9rcoles<\/strong>&nbsp;en el Congreso, en defensa de&nbsp;<strong>Aerol\u00edneas Argentinas&nbsp;<\/strong>y en rechazo a su privatizaci\u00f3n.<\/p>\n\n\n\n<p>A partir de las 10 los trabajadores aeron\u00e1uticos y de otros sectores del transporte se reunir\u00e1n bajo el lema:&nbsp;<strong>\u00abTodos al Congreso. Aerol\u00edneas Argentinas no se vende, se defiende\u00bb.<\/strong><\/p>\n\n\n\n<p><strong>La marcha fue convocada de manera conjunta por los cinco sindicatos de la actividad<\/strong>&nbsp;que integran el nuevo frente aeron\u00e1utico. Por lo tanto, junto a Aeronavegantes se concentrar\u00e1n&nbsp;<br>tambi\u00e9n la&nbsp;<strong>Asociaci\u00f3n de Personal Aeron\u00e1utico (APA), la Asociaci\u00f3n de Pilotos de L\u00edneas A\u00e9reas (APLA), la Uni\u00f3n del Personal Superior y Profesional de Empresas Aerocomerciales (UPSA), y ATE ANAC.<\/strong><\/p>\n\n\n\n<p>Por su parte, Alejandro Kogan, secretario de prensa de Aeronavegantes expres\u00f3 en un comunicado que \u00abno solo las fuentes de trabajo son las que est\u00e1n en peligro, sino tambi\u00e9n la interconectividad de los pueblos y sus econom\u00edas regionales\u00bb.<\/p>\n\n\n\n<p>En tal sentido, remarc\u00f3 que \u00abnos manifestamos en contra porque las experiencias de venta de nuestra l\u00ednea \u00e1rea de bandera fueron absolutamente perjudiciales, no solo para la aeron\u00e1utica, sino para el desarrollo de la industria en general\u00bb.<\/p>\n\n\n\n<p>fuente: NA<\/p>\n","protected":false},"excerpt":{"rendered":"<p>La&nbsp;Asociaci\u00f3n Argentina de Aeronavegantes,&nbsp;que nuclea al personal de cabina, convoc\u00f3 junto a distintas organizaciones del sector aeron\u00e1utico a la&nbsp;marcha que se realizar\u00e1 este mi\u00e9rcoles&nbsp;en el Congreso, en defensa de&nbsp;Aerol\u00edneas Argentinas&nbsp;y en rechazo a su privatizaci\u00f3n. A partir de las 10 los trabajadores aeron\u00e1uticos y de otros sectores del transporte se reunir\u00e1n bajo el lema:&nbsp;\u00abTodos al [&hellip;]<\/p>\n","protected":false},"author":2,"featured_media":42532,"comment_status":"open","ping_status":"open","sticky":false,"template":"","format":"standard","meta":{"footnotes":""},"categories":[43],"tags":[],"class_list":["post-42531","post","type-post","status-publish","format-standard","has-post-thumbnail","hentry","category-politica"],"_links":{"self":[{"href":"https:\/\/clicdenoticias.com\/index.php\/wp-json\/wp\/v2\/posts\/42531","targetHints":{"allow":["GET"]}}],"collection":[{"href":"https:\/\/clicdenoticias.com\/index.php\/wp-json\/wp\/v2\/posts"}],"about":[{"href":"https:\/\/clicdenoticias.com\/index.php\/wp-json\/wp\/v2\/types\/post"}],"author":[{"embeddable":true,"href":"https:\/\/clicdenoticias.com\/index.php\/wp-json\/wp\/v2\/users\/2"}],"replies":[{"embeddable":true,"href":"https:\/\/clicdenoticias.com\/index.php\/wp-json\/wp\/v2\/comments?post=42531"}],"version-history":[{"count":1,"href":"https:\/\/clicdenoticias.com\/index.php\/wp-json\/wp\/v2\/posts\/42531\/revisions"}],"predecessor-version":[{"id":42533,"href":"https:\/\/clicdenoticias.com\/index.php\/wp-json\/wp\/v2\/posts\/42531\/revisions\/42533"}],"wp:featuredmedia":[{"embeddable":true,"href":"https:\/\/clicdenoticias.com\/index.php\/wp-json\/wp\/v2\/media\/42532"}],"wp:attachment":[{"href":"https:\/\/clicdenoticias.com\/index.php\/wp-json\/wp\/v2\/media?parent=42531"}],"wp:term":[{"taxonomy":"category","embeddable":true,"href":"https:\/\/clicdenoticias.com\/index.php\/wp-json\/wp\/v2\/categories?post=42531"},{"taxonomy":"post_tag","embeddable":true,"href":"https:\/\/clicdenoticias.com\/index.php\/wp-json\/wp\/v2\/tags?post=42531"}],"curies":[{"name":"wp","href":"https:\/\/api.w.org\/{rel}","templated":true}]}}