{"id":4278,"date":"2021-07-16T13:05:00","date_gmt":"2021-07-16T16:05:00","guid":{"rendered":"https:\/\/clickdenoticias.com.ar\/?p=4278"},"modified":"2021-07-16T13:05:01","modified_gmt":"2021-07-16T16:05:01","slug":"la-justicia-aun-debe-definir-sobre-la-domiciliaria-de-boudou-pero-antes-podria-alcanzar-las-salidas-transitorias","status":"publish","type":"post","link":"https:\/\/clicdenoticias.com\/index.php\/2021\/07\/16\/la-justicia-aun-debe-definir-sobre-la-domiciliaria-de-boudou-pero-antes-podria-alcanzar-las-salidas-transitorias\/","title":{"rendered":"LA JUSTICIA A\u00daN DEBE DEFINIR SOBRE LA DOMICILIARIA DE BOUDOU, PERO ANTES PODR\u00cdA ALCANZAR LAS SALIDAS TRANSITORIAS"},"content":{"rendered":"\n<p><strong>Amado Boudou tiene por delante una definici\u00f3n clave ante la Justicia, ya que en los pr\u00f3ximos d\u00edas se resolver\u00e1 si se le conceden las salidas transitorias, al haber cumplido las dos terceras partes de la condena, caso contrario se definir\u00e1 si sigue preso en su casa o si vuelve a c\u00e1rcel com\u00fan.<\/strong><\/p>\n\n\n\n<p>&nbsp; &nbsp;Es en la causa Ciccone Calcogr\u00e1fica donde fue condenado en agosto de 2018 a cinco a\u00f1os y diez meses de prisi\u00f3n, pero desde entonces tuvo intervalos de arresto domiciliario, el \u00faltimo desde abril del 2020 hasta hoy.<\/p>\n\n\n\n<p>&nbsp;&nbsp; Pese a tener la condena firme, Boudou sigue detenido en su casa y es la Sala VI de la C\u00e1mara Federal de Casaci\u00f3n Penal la que debe resolver si contin\u00faa as\u00ed o vuelve a c\u00e1rcel com\u00fan: el martes pasado hubo una audiencia donde argument\u00f3 su pedido y ahora el Tribunal cuenta con cinco d\u00edas a partir de la misma para resolver.<\/p>\n\n\n\n<p>&nbsp;&nbsp; Pero el martes pr\u00f3ximo, el ex vicepresidente alcanza el plazo para pedir el beneficio de salidas transitorias, algo que tendr\u00e1 que otorgar el juez de ejecuci\u00f3n Ricardo Bas\u00edlico.<\/p>\n\n\n\n<p>&nbsp;&nbsp; Si la decisi\u00f3n de Bas\u00edlico es darle las salidas transitorias, el planteo pendiente para definir si sigue bajo arresto domiciliario o no quedar\u00e1 abstracto.<\/p>\n\n\n\n<p>&nbsp;&nbsp; Ayer se conoci\u00f3 que la Casaci\u00f3n le dio un mes m\u00e1s de reducci\u00f3n de la pena a Boudou por est\u00edmulo educativo, al haber hecho varios cursos mientras cumpl\u00eda arresto en el penal de Ezeiza.<\/p>\n\n\n\n<p>&nbsp;&nbsp; Los camaristas Mariano Borinsky, \u00c1ngela Ledesma y Javier Carbajo hicieron lugar a la apelaci\u00f3n de la defensa de Boudou, que fue en contra de una resoluci\u00f3n del juez de Tribunal Oral Ricardo Bas\u00edlico.<\/p>\n\n\n\n<p>&nbsp;&nbsp; El magistrado hab\u00eda rechazado un pedido para que le redujeran la pena por est\u00edmulo educativo en un mes m\u00e1s que lo que le hab\u00eda otorgado otro juez, Daniel Obligado.<\/p>\n\n\n\n<p>&nbsp;&nbsp; El pasado 1 de febrero, Obligado le concedi\u00f3 al ex vicepresidente una rebaja de diez meses en su condena por el caso Ciccone.<\/p>\n\n\n\n<p>&nbsp;&nbsp; La rebaja es por los estudios realizados por el ex titular del Senado en la c\u00e1rcel de Ezeiza, relacionados con filosof\u00eda, organizaci\u00f3n de eventos y electricidad.<\/p>\n\n\n\n<p>&nbsp;&nbsp; La condena sobre Boudou por d\u00e1divas y negociaciones incompatibles con la funci\u00f3n p\u00fablica en el caso de la venta de la imprenta Ciccone Calcogr\u00e1fica era de cinco a\u00f1os y diez meses de prisi\u00f3n, y ahora el ex vicepresidente goza de prisi\u00f3n domiciliaria, tras ser beneficiado por el mismo juez, quien consider\u00f3 que en su momento el fallo no estaba firme y hab\u00eda una situaci\u00f3n de pandemia.<\/p>\n\n\n\n<p>&nbsp;&nbsp; Pero a fines de 2020, la Corte Suprema de Justicia dej\u00f3 firme la condena y Obligado luego de dilaciones termin\u00f3 revocando la prisi\u00f3n domiciliaria, pero la misma fue apelada y ahora el caso est\u00e1 en manos de la C\u00e1mara de Casaci\u00f3n Penal.<\/p>\n\n\n\n<p>&nbsp;&nbsp; Los estudios realizados por Boudou fueron cinco, y poco antes de finalizar la subrogancia, Obligado aplic\u00f3 el beneficio del \u00abest\u00edmulo educativo\u00bb previsto en la Ley 24.660.<\/p>\n","protected":false},"excerpt":{"rendered":"<p>Amado Boudou tiene por delante una definici\u00f3n clave ante la Justicia, ya que en los pr\u00f3ximos d\u00edas se resolver\u00e1 si se le conceden las salidas transitorias, al haber cumplido las dos terceras partes de la condena, caso contrario se definir\u00e1 si sigue preso en su casa o si vuelve a c\u00e1rcel com\u00fan. &nbsp; &nbsp;Es en [&hellip;]<\/p>\n","protected":false},"author":2,"featured_media":1792,"comment_status":"open","ping_status":"open","sticky":false,"template":"","format":"standard","meta":{"footnotes":""},"categories":[43],"tags":[],"class_list":["post-4278","post","type-post","status-publish","format-standard","has-post-thumbnail","hentry","category-politica"],"_links":{"self":[{"href":"https:\/\/clicdenoticias.com\/index.php\/wp-json\/wp\/v2\/posts\/4278","targetHints":{"allow":["GET"]}}],"collection":[{"href":"https:\/\/clicdenoticias.com\/index.php\/wp-json\/wp\/v2\/posts"}],"about":[{"href":"https:\/\/clicdenoticias.com\/index.php\/wp-json\/wp\/v2\/types\/post"}],"author":[{"embeddable":true,"href":"https:\/\/clicdenoticias.com\/index.php\/wp-json\/wp\/v2\/users\/2"}],"replies":[{"embeddable":true,"href":"https:\/\/clicdenoticias.com\/index.php\/wp-json\/wp\/v2\/comments?post=4278"}],"version-history":[{"count":1,"href":"https:\/\/clicdenoticias.com\/index.php\/wp-json\/wp\/v2\/posts\/4278\/revisions"}],"predecessor-version":[{"id":4279,"href":"https:\/\/clicdenoticias.com\/index.php\/wp-json\/wp\/v2\/posts\/4278\/revisions\/4279"}],"wp:featuredmedia":[{"embeddable":true,"href":"https:\/\/clicdenoticias.com\/index.php\/wp-json\/wp\/v2\/media\/1792"}],"wp:attachment":[{"href":"https:\/\/clicdenoticias.com\/index.php\/wp-json\/wp\/v2\/media?parent=4278"}],"wp:term":[{"taxonomy":"category","embeddable":true,"href":"https:\/\/clicdenoticias.com\/index.php\/wp-json\/wp\/v2\/categories?post=4278"},{"taxonomy":"post_tag","embeddable":true,"href":"https:\/\/clicdenoticias.com\/index.php\/wp-json\/wp\/v2\/tags?post=4278"}],"curies":[{"name":"wp","href":"https:\/\/api.w.org\/{rel}","templated":true}]}}