{"id":43912,"date":"2024-11-14T07:11:33","date_gmt":"2024-11-14T10:11:33","guid":{"rendered":"https:\/\/clicdenoticias.com\/?p=43912"},"modified":"2024-11-14T07:11:34","modified_gmt":"2024-11-14T10:11:34","slug":"milei-sostuvo-que-su-gobierno-es-el-mejor-de-la-historia","status":"publish","type":"post","link":"https:\/\/clicdenoticias.com\/index.php\/2024\/11\/14\/milei-sostuvo-que-su-gobierno-es-el-mejor-de-la-historia\/","title":{"rendered":"Milei sostuvo que su gobierno \u00abes el mejor de la historia\u00bb"},"content":{"rendered":"\n<p>El presidente&nbsp;<strong>Javier Milei<\/strong>&nbsp;reafirm\u00f3 esta noche que su gobierno<strong>&nbsp;\u00abes el mejor de la historia\u00bb&nbsp;<\/strong><br>argentina, y volvi\u00f3 a alabar el trabajo del ministro de Econom\u00eda,&nbsp;<strong>Luis Caputo.<\/strong><\/p>\n\n\n\n<p><strong>\u00abArgentina se va para arriba en serio despu\u00e9s de doce a\u00f1os de recesi\u00f3n. \u00bfAcaso no vieron el \u00faltimo dato de inflaci\u00f3n\u00bb,<\/strong>&nbsp;puntualiz\u00f3 el mandatario.<\/p>\n\n\n\n<p><strong>Milei&nbsp;<\/strong>destac\u00f3 asimismo que su gesti\u00f3n \u00abesta&nbsp;<strong>exterminando la inflaci\u00f3n,&nbsp;<\/strong>y se cae el d\u00f3lar porque no hay emisi\u00f3n. Hoy discutimos cr\u00e9ditos hipotecarios, cuando asumimos se hablaba de hiper\u00bb.<\/p>\n\n\n\n<p>En ese sentido, remarc\u00f3 que&nbsp;<strong>\u00abCaputo soport\u00f3 todo tipo de agresiones<\/strong>, dec\u00edan que no hab\u00eda plan pero la inflaci\u00f3n mayorista cay\u00f3 27 veces y la del consumidor, diez. Y lo hizo un tipo que&nbsp;<br>labura en serio\u00bb.<\/p>\n\n\n\n<p><strong>\u00abPor eso digo que &#8216;Toto&#8217; Caputo es el mejor ministro de Econom\u00eda de la historia, y que somos el mejor gobierno de la historia\u00bb, subray\u00f3 Milei&nbsp;<\/strong>durante su discurso en el lanzamiento de la Fundaci\u00f3n Faro.<\/p>\n\n\n\n<p>Tambi\u00e9n &nbsp;destac\u00f3 que \u00abno tuvimos hiperinflaci\u00f3n previa, ni expropiamos, no hicimos un Plan Bonex y hab\u00edamos recibido una herencia muy pesada, con vencimientos de deuda por 90 mil millones de d\u00f3lares, el Banco Central quebrado&#8230;<strong>&nbsp;Esta gesta iguala a la de la convertibilidad y mucho m\u00e1s\u00bb.<\/strong><\/p>\n\n\n\n<p>\u00ab<strong>Dicen que el primer gobierno de (Carlos) Menem fue el mejor de todos, nosotros obtuvimos un logro similar pero m\u00e1s robusto, con una reforma estructural con 15 por ciento de diputados y 10 por ciento de senadores\u00bb,<\/strong>&nbsp;record\u00f3.<\/p>\n\n\n\n<p><strong>LA CONDENA CONTRA CRISTINA KIRCHNER<\/strong><\/p>\n\n\n\n<p>Por otra parte Milei volvi\u00f3 a destacar la ratificaci\u00f3n de la condena a la ex mandataria Cristina Kirchner al se\u00f1alar que \u00ab<strong>es en este Gobierno donde se conden\u00f3 a Ir\u00e1n por los atentados y donde se conden\u00f3 a CFK\u00bb.<\/strong><\/p>\n\n\n\n<p>\u00abVale la pena se\u00f1alar que creo en la independencia de poderes y este Gobierno no se mete con la justicia, no interfiere ni lo va a hacer. Durante este Gobierno se conden\u00f3 a Ir\u00e1n y a Cristina Fern\u00e1ndez de Kirchner, parece que darle independencia al poder judicial sirve\u00bb, remarc\u00f3 Milei,<\/p>\n\n\n\n<p>El mandatario nacional asegur\u00f3 tambi\u00e9n que&nbsp;<strong>\u00absubestimar la batalla cultural fue un error\u00bb.<\/strong><\/p>\n\n\n\n<p>Estas declaraciones de Milei se dieron horas despu\u00e9s de conocerse que&nbsp;<strong>la C\u00e1mara Federal de Casaci\u00f3n Penal ratific\u00f3 la condena contra Cristina Kirchner a seis a\u00f1os de prisi\u00f3n<\/strong>&nbsp;en el&nbsp;<br>marco de la causa Vialidad que, adem\u00e1s, plantea la inhabilitaci\u00f3n para ocupar un cargo p\u00fablico.<\/p>\n\n\n\n<p>Tambi\u00e9n dijo que&nbsp;<strong>\u00abquien las hace las paga\u00bb<\/strong>, y se refiri\u00f3 al kirchnerismo tild\u00e1ndolo como<strong>&nbsp;\u00abun conjunto de chorros\u00bb,<\/strong>&nbsp;y agreg\u00f3 que \u00abse les termin\u00f3 la mentira y no vuelven m\u00e1s\u00bb.<\/p>\n\n\n\n<p><strong>\u00abA los \u2018kukas\u2019 no se los puede enfrentar con buenos modales, esto es as\u00ed de salvaje<\/strong>. A los socialistas se les cae el relato porque no tienen logros\u00bb, agreg\u00f3.<\/p>\n\n\n\n<p>Asimismo, record\u00f3 que en la campa\u00f1a \u00ab<strong>la UIA y la AFA le hicieron la venia a (Sergio) Massa, formaron un frente estatista par evitar el avance de la motosierra, van contra la voluntad&nbsp;<\/strong><br><strong>popular\u00bb.<\/strong><\/p>\n\n\n\n<p><strong>\u00abLa casta global llor\u00f3 la derrota de la comunista Kamala Harris, s\u00ed, comunista.<\/strong>&nbsp;La Libertad Avanza ve con esperanza una segunda presidencia de Donald Trump en Estados Unidos\u00bb, concluy\u00f3.<\/p>\n\n\n\n<p>FUENTE NA<\/p>\n","protected":false},"excerpt":{"rendered":"<p>El presidente&nbsp;Javier Milei&nbsp;reafirm\u00f3 esta noche que su gobierno&nbsp;\u00abes el mejor de la historia\u00bb&nbsp;argentina, y volvi\u00f3 a alabar el trabajo del ministro de Econom\u00eda,&nbsp;Luis Caputo. \u00abArgentina se va para arriba en serio despu\u00e9s de doce a\u00f1os de recesi\u00f3n. \u00bfAcaso no vieron el \u00faltimo dato de inflaci\u00f3n\u00bb,&nbsp;puntualiz\u00f3 el mandatario. Milei&nbsp;destac\u00f3 asimismo que su gesti\u00f3n \u00abesta&nbsp;exterminando la inflaci\u00f3n,&nbsp;y [&hellip;]<\/p>\n","protected":false},"author":2,"featured_media":43913,"comment_status":"open","ping_status":"open","sticky":false,"template":"","format":"standard","meta":{"footnotes":""},"categories":[68,43],"tags":[],"class_list":["post-43912","post","type-post","status-publish","format-standard","has-post-thumbnail","hentry","category-destacada","category-politica"],"_links":{"self":[{"href":"https:\/\/clicdenoticias.com\/index.php\/wp-json\/wp\/v2\/posts\/43912","targetHints":{"allow":["GET"]}}],"collection":[{"href":"https:\/\/clicdenoticias.com\/index.php\/wp-json\/wp\/v2\/posts"}],"about":[{"href":"https:\/\/clicdenoticias.com\/index.php\/wp-json\/wp\/v2\/types\/post"}],"author":[{"embeddable":true,"href":"https:\/\/clicdenoticias.com\/index.php\/wp-json\/wp\/v2\/users\/2"}],"replies":[{"embeddable":true,"href":"https:\/\/clicdenoticias.com\/index.php\/wp-json\/wp\/v2\/comments?post=43912"}],"version-history":[{"count":1,"href":"https:\/\/clicdenoticias.com\/index.php\/wp-json\/wp\/v2\/posts\/43912\/revisions"}],"predecessor-version":[{"id":43914,"href":"https:\/\/clicdenoticias.com\/index.php\/wp-json\/wp\/v2\/posts\/43912\/revisions\/43914"}],"wp:featuredmedia":[{"embeddable":true,"href":"https:\/\/clicdenoticias.com\/index.php\/wp-json\/wp\/v2\/media\/43913"}],"wp:attachment":[{"href":"https:\/\/clicdenoticias.com\/index.php\/wp-json\/wp\/v2\/media?parent=43912"}],"wp:term":[{"taxonomy":"category","embeddable":true,"href":"https:\/\/clicdenoticias.com\/index.php\/wp-json\/wp\/v2\/categories?post=43912"},{"taxonomy":"post_tag","embeddable":true,"href":"https:\/\/clicdenoticias.com\/index.php\/wp-json\/wp\/v2\/tags?post=43912"}],"curies":[{"name":"wp","href":"https:\/\/api.w.org\/{rel}","templated":true}]}}