{"id":46346,"date":"2025-03-13T09:05:49","date_gmt":"2025-03-13T12:05:49","guid":{"rendered":"https:\/\/clicdenoticias.com\/?p=46346"},"modified":"2025-03-13T09:05:49","modified_gmt":"2025-03-13T12:05:49","slug":"parte-medico-de-pablo-grillo-el-fotografo-atacado-por-policias-en-la-marcha-de-los-jubilados","status":"publish","type":"post","link":"https:\/\/clicdenoticias.com\/index.php\/2025\/03\/13\/parte-medico-de-pablo-grillo-el-fotografo-atacado-por-policias-en-la-marcha-de-los-jubilados\/","title":{"rendered":"Parte m\u00e9dico de Pablo Grillo, el fot\u00f3grafo atacado por polic\u00edas en la marcha de los jubilados"},"content":{"rendered":"\n<p><a href=\"https:\/\/noticiasargentinas.com\/politica\/bronca-del-padre-del-fotografo-herido-en-el-congreso-contra-patricia-bullrich-y-javier-milei---mandan-a-matar-_a67d22f95e13010603778ee80\"><strong>Pablo Grillo<\/strong><\/a>, el fot\u00f3grafo herido durante la represi\u00f3n policial en la marcha de los jubilados,&nbsp;<strong>sali\u00f3 de cirug\u00eda y permanece en terapia intensiva con pron\u00f3stico reservado y cr\u00edtico<\/strong>, seg\u00fan inform\u00f3 su padre esta noche en la puerta del Hospital Ramos Mej\u00eda.<\/p>\n\n\n\n<p>Los m\u00e9dicos lograron&nbsp;<strong>bajar la presi\u00f3n intracraneal y reconstruir parte del tejido da\u00f1ado<\/strong>, mientras que la&nbsp;<strong>respuesta pupilar fue, en principio, positiva<\/strong>. Sin embargo, su estado sigue siendo delicado y los pr\u00f3ximos d\u00edas ser\u00e1n clave para su evoluci\u00f3n.<\/p>\n\n\n\n<p>El fot\u00f3grafo sufri\u00f3 el impacto de un&nbsp;<strong>cartucho de gas lacrim\u00f3geno en la cabeza<\/strong>, lo que le provoc\u00f3&nbsp;<strong>traumatismo de cr\u00e1neo grave, fracturas m\u00faltiples y p\u00e9rdida de masa encef\u00e1lica<\/strong>. La agresi\u00f3n ocurri\u00f3 en medio de la violenta represi\u00f3n policial contra manifestantes, jubilados y trabajadores de prensa en las inmediaciones del Congreso.<\/p>\n\n\n\n<p>La familia de Grillo y organizaciones de derechos humanos denunciaron el accionar de las fuerzas de seguridad y exigieron explicaciones al Ministerio de Seguridad, a cargo de&nbsp;<strong>Patricia Bullrich<\/strong>.<\/p>\n\n\n\n<p>En tanto, se solicita&nbsp;<strong>donantes de sangre de cualquier grupo y factor<\/strong>. Quienes puedan colaborar deber\u00e1n presentarse&nbsp;<strong>el jueves 13 de marzo por la ma\u00f1ana<\/strong>&nbsp;en el&nbsp;<strong>Hospital General de Agudos Jos\u00e9 Mar\u00eda Ramos Mej\u00eda (General Urquiza 609, CABA)<\/strong>&nbsp;con DNI, mencionando que la donaci\u00f3n es para&nbsp;<strong>Pablo Grillo<\/strong>.<\/p>\n\n\n\n<p>fuente NA<\/p>\n","protected":false},"excerpt":{"rendered":"<p>Pablo Grillo, el fot\u00f3grafo herido durante la represi\u00f3n policial en la marcha de los jubilados,&nbsp;sali\u00f3 de cirug\u00eda y permanece en terapia intensiva con pron\u00f3stico reservado y cr\u00edtico, seg\u00fan inform\u00f3 su padre esta noche en la puerta del Hospital Ramos Mej\u00eda. Los m\u00e9dicos lograron&nbsp;bajar la presi\u00f3n intracraneal y reconstruir parte del tejido da\u00f1ado, mientras que la&nbsp;respuesta [&hellip;]<\/p>\n","protected":false},"author":2,"featured_media":46347,"comment_status":"open","ping_status":"open","sticky":false,"template":"","format":"standard","meta":{"footnotes":""},"categories":[43],"tags":[],"class_list":["post-46346","post","type-post","status-publish","format-standard","has-post-thumbnail","hentry","category-politica"],"_links":{"self":[{"href":"https:\/\/clicdenoticias.com\/index.php\/wp-json\/wp\/v2\/posts\/46346","targetHints":{"allow":["GET"]}}],"collection":[{"href":"https:\/\/clicdenoticias.com\/index.php\/wp-json\/wp\/v2\/posts"}],"about":[{"href":"https:\/\/clicdenoticias.com\/index.php\/wp-json\/wp\/v2\/types\/post"}],"author":[{"embeddable":true,"href":"https:\/\/clicdenoticias.com\/index.php\/wp-json\/wp\/v2\/users\/2"}],"replies":[{"embeddable":true,"href":"https:\/\/clicdenoticias.com\/index.php\/wp-json\/wp\/v2\/comments?post=46346"}],"version-history":[{"count":1,"href":"https:\/\/clicdenoticias.com\/index.php\/wp-json\/wp\/v2\/posts\/46346\/revisions"}],"predecessor-version":[{"id":46348,"href":"https:\/\/clicdenoticias.com\/index.php\/wp-json\/wp\/v2\/posts\/46346\/revisions\/46348"}],"wp:featuredmedia":[{"embeddable":true,"href":"https:\/\/clicdenoticias.com\/index.php\/wp-json\/wp\/v2\/media\/46347"}],"wp:attachment":[{"href":"https:\/\/clicdenoticias.com\/index.php\/wp-json\/wp\/v2\/media?parent=46346"}],"wp:term":[{"taxonomy":"category","embeddable":true,"href":"https:\/\/clicdenoticias.com\/index.php\/wp-json\/wp\/v2\/categories?post=46346"},{"taxonomy":"post_tag","embeddable":true,"href":"https:\/\/clicdenoticias.com\/index.php\/wp-json\/wp\/v2\/tags?post=46346"}],"curies":[{"name":"wp","href":"https:\/\/api.w.org\/{rel}","templated":true}]}}