{"id":47707,"date":"2025-05-08T07:29:53","date_gmt":"2025-05-08T10:29:53","guid":{"rendered":"https:\/\/clicdenoticias.com\/?p=47707"},"modified":"2025-05-08T07:29:53","modified_gmt":"2025-05-08T10:29:53","slug":"la-produccion-automotriz-crecio-94-en-abril","status":"publish","type":"post","link":"https:\/\/clicdenoticias.com\/index.php\/2025\/05\/08\/la-produccion-automotriz-crecio-94-en-abril\/","title":{"rendered":"La producci\u00f3n automotriz creci\u00f3 9,4% en abril"},"content":{"rendered":"\n<p>La producci\u00f3n nacional de veh\u00edculos fue de 45.479 unidades en abril, un 9,4% m\u00e1s respecto de marzo y 5,8 % por sobre el registro del mismo mes del a\u00f1o pasado.<\/p>\n\n\n\n<p>Las terminales exportaron 22.628 veh\u00edculos, una baja de 6,8 % en su comparaci\u00f3n con el mes anterior, y 9,8 % m\u00e1s respecto del volumen quese contabiliz\u00f3 en abril de 2024.<\/p>\n\n\n\n<p>El sector automotor comercializ\u00f3 a la red de concesionarios 52.621 unidades en abril, 9,8 % m\u00e1s respecto del mes anterior, y 134,4 % porsobre los vol\u00famenes de abril del a\u00f1o pasado.<\/p>\n\n\n\n<p>En los 18 d\u00edas h\u00e1biles de actividad de abril, las terminales automotrices produjeron 45.479 unidades, 9,4 % m\u00e1s respecto de marzo y 5,8 % por sobre las 42.974 unidades que se produjeron en abril del a\u00f1o anterior.<\/p>\n\n\n\n<p>En el acumulado del primer cuatrimestre el sector produjo 159.521 veh\u00edculos (livianos \/utilitarios), es decir, un 9,1 % m\u00e1s respecto de las 146.267 unidades que produjo en el mismo per\u00edodo del 2024.<\/p>\n\n\n\n<p>\u201cEste desempe\u00f1o mensual refleja una continuidad en el ritmo de actividad industrial, con niveles de producci\u00f3n que se mantienen por encima de los registros del a\u00f1o anterior\u201d, explic\u00f3 Mart\u00edn Zuppi, presidente de ADEFA quien agreg\u00f3 que \u201cel comportamiento del sector productivo que incorpora a sus l\u00edneas nuevos productos, acompa\u00f1a la din\u00e1mica positiva del mercado interno, al tiempo que se ajusta gradualmente a la evoluci\u00f3n de la demanda externa, todav\u00eda sujeta a cierta volatilidad\u201d.<\/p>\n\n\n\n<p>El volumen de veh\u00edculos exportados durante abril ascendi\u00f3 a 22.628 unidades, lo que arroj\u00f3 una contracci\u00f3n de 6,8 % en su comparaci\u00f3n con marzo. Frente al mismo mes del 2024, el sector registr\u00f3 un alza en los env\u00edos de 9,8 por ciento.<\/p>\n\n\n\n<p>En el acumulado enero-abril, las terminales exportaron 80.548 unidades, un 2,9% menos respecto de los env\u00edos registrados en el mismo periodo del a\u00f1o pasado.<\/p>\n\n\n\n<p>Finalmente, el informe da cuenta que en ventas mayoristas, el sector automotor comercializ\u00f3 52.621 unidades a la red de concesionarios, 9,8 % m\u00e1s respecto de las entregas de marzo y 134,4 % por sobre el volumen de abril del 2024.<\/p>\n\n\n\n<p>Entre enero y abril se entregaron a las redes comerciales un total de 180.242 veh\u00edculos, 77,1 % por sobre las 101.802 unidades que se comercializaron en el primer cuatrimestre de 2024.<\/p>\n\n\n\n<p>\u201cEl crecimiento sostenido que venimos registrando en materia de ventas, puede atribuirse a una combinaci\u00f3n de factores como la mayor disponibilidad y oferta de productos, sumado a una reducci\u00f3n\/ eliminaci\u00f3n de impuestos y una mayor propuesta de financiamiento\u201d, enumer\u00f3 el directivo.<\/p>\n\n\n\n<p>\u201cAl desempe\u00f1o positivo en producci\u00f3n y ventas internas se nota una leve retracci\u00f3n en exportaciones particularmente por la menor demanda de algunos pa\u00edses, mayor competencia externa y un desbalance en t\u00e9rminos de competitividad. No obstante, y si bien el balance en lo que va del a\u00f1o sigue en terreno negativo, se recort\u00f3 la ca\u00edda\u201d, destac\u00f3.<\/p>\n\n\n\n<p>En este punto, \u201cno est\u00e1 de m\u00e1s se\u00f1alar que seguimos trabajando en conjuntocon el Gobierno para corregir esos desbalances y contar con herramientas que nos permitan retornar a la senda del crecimiento y sostenerlo en un escenario internacional altamente desafiante&amp;quot;, dijo Zuppi.<\/p>\n\n\n\n<p>fuente NA<\/p>\n","protected":false},"excerpt":{"rendered":"<p>La producci\u00f3n nacional de veh\u00edculos fue de 45.479 unidades en abril, un 9,4% m\u00e1s respecto de marzo y 5,8 % por sobre el registro del mismo mes del a\u00f1o pasado. Las terminales exportaron 22.628 veh\u00edculos, una baja de 6,8 % en su comparaci\u00f3n con el mes anterior, y 9,8 % m\u00e1s respecto del volumen quese [&hellip;]<\/p>\n","protected":false},"author":2,"featured_media":47708,"comment_status":"open","ping_status":"open","sticky":false,"template":"","format":"standard","meta":{"footnotes":""},"categories":[68,51],"tags":[],"class_list":["post-47707","post","type-post","status-publish","format-standard","has-post-thumbnail","hentry","category-destacada","category-provincias"],"_links":{"self":[{"href":"https:\/\/clicdenoticias.com\/index.php\/wp-json\/wp\/v2\/posts\/47707","targetHints":{"allow":["GET"]}}],"collection":[{"href":"https:\/\/clicdenoticias.com\/index.php\/wp-json\/wp\/v2\/posts"}],"about":[{"href":"https:\/\/clicdenoticias.com\/index.php\/wp-json\/wp\/v2\/types\/post"}],"author":[{"embeddable":true,"href":"https:\/\/clicdenoticias.com\/index.php\/wp-json\/wp\/v2\/users\/2"}],"replies":[{"embeddable":true,"href":"https:\/\/clicdenoticias.com\/index.php\/wp-json\/wp\/v2\/comments?post=47707"}],"version-history":[{"count":1,"href":"https:\/\/clicdenoticias.com\/index.php\/wp-json\/wp\/v2\/posts\/47707\/revisions"}],"predecessor-version":[{"id":47709,"href":"https:\/\/clicdenoticias.com\/index.php\/wp-json\/wp\/v2\/posts\/47707\/revisions\/47709"}],"wp:featuredmedia":[{"embeddable":true,"href":"https:\/\/clicdenoticias.com\/index.php\/wp-json\/wp\/v2\/media\/47708"}],"wp:attachment":[{"href":"https:\/\/clicdenoticias.com\/index.php\/wp-json\/wp\/v2\/media?parent=47707"}],"wp:term":[{"taxonomy":"category","embeddable":true,"href":"https:\/\/clicdenoticias.com\/index.php\/wp-json\/wp\/v2\/categories?post=47707"},{"taxonomy":"post_tag","embeddable":true,"href":"https:\/\/clicdenoticias.com\/index.php\/wp-json\/wp\/v2\/tags?post=47707"}],"curies":[{"name":"wp","href":"https:\/\/api.w.org\/{rel}","templated":true}]}}