{"id":47794,"date":"2025-05-13T08:38:51","date_gmt":"2025-05-13T11:38:51","guid":{"rendered":"https:\/\/clicdenoticias.com\/?p=47794"},"modified":"2025-05-13T08:38:52","modified_gmt":"2025-05-13T11:38:52","slug":"viva-la-libertad-mirtha-legrand-grito-el-lema-libertario-frente-a-javier-milei","status":"publish","type":"post","link":"https:\/\/clicdenoticias.com\/index.php\/2025\/05\/13\/viva-la-libertad-mirtha-legrand-grito-el-lema-libertario-frente-a-javier-milei\/","title":{"rendered":"\u00abViva la libertad\u00bb: Mirtha Legrand grit\u00f3 el lema libertario frente a Javier Milei"},"content":{"rendered":"\n<p>En una noche de moda, pol\u00edtica y alto perfil,&nbsp;<a href=\"https:\/\/noticiasargentinas.com\/politica\/javier-milei-aparecio-junto-a-su-hermana-karina-en-un-desfile-de-roberto-piazza_a6822a9fabbc030e6557776ef\"><strong>Mirtha Legrand sorprendi\u00f3 con un fuerte respaldo al presidente Javier Milei<\/strong>&nbsp;<\/a>durante el desfile de Roberto Piazza, quien celebr\u00f3 sus 50 a\u00f1os en la alta costura. La conductora tom\u00f3 el micr\u00f3fono frente al p\u00fablico y, sin rodeos, expres\u00f3:&nbsp;<em>\u201cEsper\u00e1 que voy a decir algo\u2026 \u00a1Viva la libertad, carajo!\u201d<\/em>, en clara alusi\u00f3n al lema libertario.<\/p>\n\n\n\n<p>El evento, que tuvo lugar este lunes por la noche en el tradicional local&nbsp;<strong>Se\u00f1or Tango<\/strong>, fue el marco elegido por Piazza para presentar su colecci\u00f3n \u201c<strong>Bodas de oro 2025<\/strong>\u201d, en homenaje a su medio siglo de trayectoria en el dise\u00f1o argentino.<\/p>\n\n\n\n<p><strong>Javier Milei asisti\u00f3 al desfile<\/strong>&nbsp;acompa\u00f1ado por su hermana y secretaria General de la Presidencia,&nbsp;<strong>Karina Milei<\/strong>, el vocero y candidato porte\u00f1o&nbsp;<strong>Manuel Adorni<\/strong>, y la ministra de Seguridad&nbsp;<strong>Patricia Bullrich<\/strong>. Todos ocuparon una mesa central, donde tambi\u00e9n se encontraban otras figuras destacadas del espect\u00e1culo.<\/p>\n\n\n\n<p>Seg\u00fan supo Noticias Argentinas,&nbsp;<strong>Milei y Piazza mantienen una relaci\u00f3n cordial<\/strong>&nbsp;desde que compartieron un almuerzo en la Quinta de Olivos en febrero. El dise\u00f1ador decidi\u00f3 invitarlo personalmente a su evento m\u00e1s importante del a\u00f1o.<\/p>\n\n\n\n<p>La irrupci\u00f3n de Mirtha Legrand con su apoyo espont\u00e1neo al mandatario&nbsp;<strong>no pas\u00f3 desapercibida<\/strong>&nbsp;y gener\u00f3 una fuerte ovaci\u00f3n en el recinto. \u201cViva la libertad\u201d, grit\u00f3 con entusiasmo, en un gesto que fue r\u00e1pidamente captado por las c\u00e1maras y viralizado en redes sociales.<\/p>\n\n\n\n<p>El desfile combin\u00f3 glamour, ovaciones y se\u00f1ales pol\u00edticas, en una velada que tuvo a Milei y Legrand como&nbsp;<strong>los invitados de lujo de la noche<\/strong>.<\/p>\n\n\n\n<p>fuente NA<\/p>\n","protected":false},"excerpt":{"rendered":"<p>En una noche de moda, pol\u00edtica y alto perfil,&nbsp;Mirtha Legrand sorprendi\u00f3 con un fuerte respaldo al presidente Javier Milei&nbsp;durante el desfile de Roberto Piazza, quien celebr\u00f3 sus 50 a\u00f1os en la alta costura. La conductora tom\u00f3 el micr\u00f3fono frente al p\u00fablico y, sin rodeos, expres\u00f3:&nbsp;\u201cEsper\u00e1 que voy a decir algo\u2026 \u00a1Viva la libertad, carajo!\u201d, en [&hellip;]<\/p>\n","protected":false},"author":2,"featured_media":47795,"comment_status":"open","ping_status":"open","sticky":false,"template":"","format":"standard","meta":{"footnotes":""},"categories":[43],"tags":[],"class_list":["post-47794","post","type-post","status-publish","format-standard","has-post-thumbnail","hentry","category-politica"],"_links":{"self":[{"href":"https:\/\/clicdenoticias.com\/index.php\/wp-json\/wp\/v2\/posts\/47794","targetHints":{"allow":["GET"]}}],"collection":[{"href":"https:\/\/clicdenoticias.com\/index.php\/wp-json\/wp\/v2\/posts"}],"about":[{"href":"https:\/\/clicdenoticias.com\/index.php\/wp-json\/wp\/v2\/types\/post"}],"author":[{"embeddable":true,"href":"https:\/\/clicdenoticias.com\/index.php\/wp-json\/wp\/v2\/users\/2"}],"replies":[{"embeddable":true,"href":"https:\/\/clicdenoticias.com\/index.php\/wp-json\/wp\/v2\/comments?post=47794"}],"version-history":[{"count":1,"href":"https:\/\/clicdenoticias.com\/index.php\/wp-json\/wp\/v2\/posts\/47794\/revisions"}],"predecessor-version":[{"id":47796,"href":"https:\/\/clicdenoticias.com\/index.php\/wp-json\/wp\/v2\/posts\/47794\/revisions\/47796"}],"wp:featuredmedia":[{"embeddable":true,"href":"https:\/\/clicdenoticias.com\/index.php\/wp-json\/wp\/v2\/media\/47795"}],"wp:attachment":[{"href":"https:\/\/clicdenoticias.com\/index.php\/wp-json\/wp\/v2\/media?parent=47794"}],"wp:term":[{"taxonomy":"category","embeddable":true,"href":"https:\/\/clicdenoticias.com\/index.php\/wp-json\/wp\/v2\/categories?post=47794"},{"taxonomy":"post_tag","embeddable":true,"href":"https:\/\/clicdenoticias.com\/index.php\/wp-json\/wp\/v2\/tags?post=47794"}],"curies":[{"name":"wp","href":"https:\/\/api.w.org\/{rel}","templated":true}]}}