{"id":54314,"date":"2026-03-13T08:25:45","date_gmt":"2026-03-13T11:25:45","guid":{"rendered":"https:\/\/clicdenoticias.com\/?p=54314"},"modified":"2026-03-13T08:25:46","modified_gmt":"2026-03-13T11:25:46","slug":"charly-garcia-gilberto-gil-y-un-emblematico-encuentro-en-el-movistar-arena","status":"publish","type":"post","link":"https:\/\/clicdenoticias.com\/index.php\/2026\/03\/13\/charly-garcia-gilberto-gil-y-un-emblematico-encuentro-en-el-movistar-arena\/","title":{"rendered":"Charly Garc\u00eda, Gilberto Gil y un emblem\u00e1tico encuentro en el Movistar Arena"},"content":{"rendered":"\n<p>&nbsp;El reconocido cantautor&nbsp;<strong>Gilberto Gil<\/strong>&nbsp;se reuni\u00f3 este mi\u00e9rcoles con el ic\u00f3nico artista argentino&nbsp;<strong>Charly Garc\u00eda&nbsp;<\/strong>durante su show \u201cTempo Rei Tour\u201d, en el microestadio Movistar Arena de Buenos Aires.<\/p>\n\n\n\n<p>El espect\u00e1culo, en el que estuvo presente la&nbsp;<a rel=\"noreferrer noopener\" href=\"https:\/\/es.wikipedia.org\/wiki\/Noticias_Argentinas\" target=\"_blank\"><strong>Agencia Noticias Argentinas<\/strong>,<\/a>&nbsp;se destac\u00f3 por ser el regreso al pa\u00eds y, por tanto, su<strong>&nbsp;reencuentro con el p\u00fablico argentino<\/strong>, de quien form\u00f3 parte del movimiento conocido como&nbsp;<strong>Tropicalisimo<\/strong>, lo que di\u00f3 con un&nbsp;<strong>cross over poco pensado: la reuni\u00f3n con uno de los padres del rock nacional.<\/strong><\/p>\n\n\n\n<p>Desde el ingreso al estadio, se pod\u00edan escuchar los rumores que refer\u00edan al encuentro entres dos grandes:&nbsp;<strong>\u201cHay un palco preparado para Charly\u201d,<\/strong>&nbsp;entre tantos. Minutos despu\u00e9s se confirm\u00f3 la reuni\u00f3n.<\/p>\n\n\n\n<p><strong>Garc\u00eda,<\/strong>&nbsp;de 74 a\u00f1os, f<strong>ue llevado hasta el detr\u00e1s de escena, d\u00f3nde cruz\u00f3 algunas palabras con Gil,<\/strong>&nbsp;que ya pisa los 83 a\u00f1os.<\/p>\n\n\n\n<p><strong>Con producci\u00f3n de Fenix Entertainment y el acompa\u00f1amiento de&nbsp;<\/strong><em><strong>El ojo del arte<\/strong><\/em><strong>,<\/strong>&nbsp;el microestadio se colm\u00f3 de ansias por recibir a Gil.&nbsp;<strong>Gisela Asmundo<\/strong>, directora del portal especializado en arte,&nbsp;<strong>relat\u00f3 la reuni\u00f3n entre las dos eminencias de la m\u00fasica.<\/strong>__IP__<\/p>\n\n\n\n<p>En di\u00e1logo con este medio,&nbsp;<strong>Asmundo explic\u00f3 que fue una conversaci\u00f3n \u201crelajada y amena\u201d,<\/strong>&nbsp;entre los referentes de la historia musical de Am\u00e9rica Latina, que se alegraron de verse en persona.&nbsp;<\/p>\n\n\n\n<p><a href=\"https:\/\/noticiasargentinas.com\/-agenciana_t6916e70a4551e78eb9423f59\">#AgenciaNA<\/a>&nbsp;<\/p>\n","protected":false},"excerpt":{"rendered":"<p>&nbsp;El reconocido cantautor&nbsp;Gilberto Gil&nbsp;se reuni\u00f3 este mi\u00e9rcoles con el ic\u00f3nico artista argentino&nbsp;Charly Garc\u00eda&nbsp;durante su show \u201cTempo Rei Tour\u201d, en el microestadio Movistar Arena de Buenos Aires. El espect\u00e1culo, en el que estuvo presente la&nbsp;Agencia Noticias Argentinas,&nbsp;se destac\u00f3 por ser el regreso al pa\u00eds y, por tanto, su&nbsp;reencuentro con el p\u00fablico argentino, de quien form\u00f3 parte [&hellip;]<\/p>\n","protected":false},"author":2,"featured_media":54315,"comment_status":"closed","ping_status":"open","sticky":false,"template":"","format":"standard","meta":{"footnotes":""},"categories":[54],"tags":[],"class_list":["post-54314","post","type-post","status-publish","format-standard","has-post-thumbnail","hentry","category-turismo"],"_links":{"self":[{"href":"https:\/\/clicdenoticias.com\/index.php\/wp-json\/wp\/v2\/posts\/54314","targetHints":{"allow":["GET"]}}],"collection":[{"href":"https:\/\/clicdenoticias.com\/index.php\/wp-json\/wp\/v2\/posts"}],"about":[{"href":"https:\/\/clicdenoticias.com\/index.php\/wp-json\/wp\/v2\/types\/post"}],"author":[{"embeddable":true,"href":"https:\/\/clicdenoticias.com\/index.php\/wp-json\/wp\/v2\/users\/2"}],"replies":[{"embeddable":true,"href":"https:\/\/clicdenoticias.com\/index.php\/wp-json\/wp\/v2\/comments?post=54314"}],"version-history":[{"count":1,"href":"https:\/\/clicdenoticias.com\/index.php\/wp-json\/wp\/v2\/posts\/54314\/revisions"}],"predecessor-version":[{"id":54316,"href":"https:\/\/clicdenoticias.com\/index.php\/wp-json\/wp\/v2\/posts\/54314\/revisions\/54316"}],"wp:featuredmedia":[{"embeddable":true,"href":"https:\/\/clicdenoticias.com\/index.php\/wp-json\/wp\/v2\/media\/54315"}],"wp:attachment":[{"href":"https:\/\/clicdenoticias.com\/index.php\/wp-json\/wp\/v2\/media?parent=54314"}],"wp:term":[{"taxonomy":"category","embeddable":true,"href":"https:\/\/clicdenoticias.com\/index.php\/wp-json\/wp\/v2\/categories?post=54314"},{"taxonomy":"post_tag","embeddable":true,"href":"https:\/\/clicdenoticias.com\/index.php\/wp-json\/wp\/v2\/tags?post=54314"}],"curies":[{"name":"wp","href":"https:\/\/api.w.org\/{rel}","templated":true}]}}