{"id":54913,"date":"2026-04-03T09:34:07","date_gmt":"2026-04-03T12:34:07","guid":{"rendered":"https:\/\/clicdenoticias.com\/?p=54913"},"modified":"2026-04-03T09:34:11","modified_gmt":"2026-04-03T12:34:11","slug":"independiente-recibe-a-racing-en-una-nueva-edicion-del-clasico-de-avellaneda","status":"publish","type":"post","link":"https:\/\/clicdenoticias.com\/index.php\/2026\/04\/03\/independiente-recibe-a-racing-en-una-nueva-edicion-del-clasico-de-avellaneda\/","title":{"rendered":"Independiente recibe a Racing, en una nueva edici\u00f3n del \u201cCl\u00e1sico de Avellaneda\u00bb"},"content":{"rendered":"\n<p>&nbsp;<strong>Independiente recibir\u00e1 este s\u00e1bado a Racing<\/strong>, por la decimotercera fecha del&nbsp;<strong>Torneo Apertura<\/strong>, en la que ser\u00e1 una nueva edici\u00f3n del&nbsp;<strong>\u201cCl\u00e1sico de Avellaneda\u201d,<\/strong>&nbsp;uno de los partidos m\u00e1s emocionantes del f\u00fatbol argentino.<\/p>\n\n\n\n<p>El encuentro, que est\u00e1&nbsp;<strong>programado para las 17:30<\/strong>, se llevar\u00e1 a cabo en el&nbsp;<strong>Estadio Libertadores de Am\u00e9rica &#8211; Ricardo Enrique Bochini<\/strong>, contar\u00e1 con la cobertura en vivo de la&nbsp;<a rel=\"noreferrer noopener\" href=\"https:\/\/es.wikipedia.org\/wiki\/Noticias_Argentinas\" target=\"_blank\">Agencia Noticias Argentinas<\/a>&nbsp;y se podr\u00e1 ver a trav\u00e9s de ESPN premium y TNT Sports.&nbsp;<strong>El \u00e1rbitro designado fue Leandro Rey Hilfer, mientras que en el VAR estar\u00e1 Germ\u00e1n Delfino.<\/strong><\/p>\n\n\n\n<p><strong>Independiente llega a este \u201cCl\u00e1sico de Avellaneda\u201d en un muy flojo momento, ya que cay\u00f3 en sus \u00faltimas dos presentaciones<\/strong>&nbsp;en el Torneo Apertura y adem\u00e1s solo gan\u00f3 en una de las seis fechas previas.<\/p>\n\n\n\n<p><strong>Es por esto que el \u201cRojo\u201d marcha noveno en la Zona A con 14 puntos<\/strong>&nbsp;y una nueva derrota podr\u00eda significar la estocada final para su director t\u00e9cnico, Gustavo Quinteros, quien se encuentra en la cuerda floja.<\/p>\n\n\n\n<p>De cara a este encuentro,&nbsp;<strong>Independiente mantiene solo dos inc\u00f3gnitas en el 11 titular<\/strong>. Una de ellas pasa por el lateral&nbsp;<strong>izquierdo de la defensa<\/strong>, donde pelean por dicha posici\u00f3n&nbsp;<strong>Facundo Zabala o Milton Valenzuela<\/strong>, mientras que en el&nbsp;<strong>ataque&nbsp;<\/strong>a\u00fan no est\u00e1 definido si jugar\u00e1<strong>&nbsp;Ignacio Pussetto o Facundo Vald\u00e9z.<\/strong><\/p>\n\n\n\n<p><strong>Racing, por su parte, llega en levantada<\/strong>&nbsp;ya que despu\u00e9s del espantoso inicio de torneo que tuvo, en el que perdi\u00f3 sus primeros tres partidos,&nbsp;<strong>pudo recuperarse para ganar cinco de los \u00faltimos ocho encuentros (empat\u00f3 los tres restantes).<\/strong><\/p>\n\n\n\n<p>De esta manera,&nbsp;<strong>los dirigidos por Gustavo Costas, que acumulan un invicto de nueve presentaciones, est\u00e1n quintos en la Zona B con 18 puntos<\/strong>&nbsp;y tienen una muy buena oportunidad para afianzarse en las primeras posiciones y hundir a\u00fan m\u00e1s a su cl\u00e1sico rival.<\/p>\n\n\n\n<p><strong>La gran novedad en la formaci\u00f3n de Racing llega por el lateral izquierdo de la defensa, donde Agust\u00edn Garc\u00eda Basso<\/strong>, quien suele ser defensor central,&nbsp;<strong>ocupar\u00e1 dicha posici\u00f3n tras el desgarro que sufri\u00f3 Gabriel Rojas<\/strong>&nbsp;mientras entrenaba con la Selecci\u00f3n argentina.<\/p>\n\n\n\n<h4 class=\"wp-block-heading\">Las posibles formaciones y otros detalles del partido<\/h4>\n\n\n\n<ul class=\"wp-block-list\">\n<li>Torneo Apertura<\/li>\n\n\n\n<li>Interzonal &#8211; fecha 13<\/li>\n\n\n\n<li>Independiente &#8211; Racing<\/li>\n\n\n\n<li>Estadio: Libertadores de Am\u00e9rica &#8211; Ricardo Enrique Bochini<\/li>\n\n\n\n<li>\u00c1rbitro: Leandro Rey Hilfer<\/li>\n\n\n\n<li>VAR: Germ\u00e1n Delfino<\/li>\n\n\n\n<li>Hora: 17:30. TV: ESPN Premium y TNT Sports.<\/li>\n<\/ul>\n\n\n\n<p><strong>Independiente<\/strong>: Rodrigo Rey; Santiago Arias, Kevin Lom\u00f3naco, Sebasti\u00e1n Vald\u00e9z, Facundo Zabala o Milton Valenzuela; Iv\u00e1n Marcone, Lautaro Mill\u00e1n, Ignacio Malcorra; Santiago Montiel, Gabriel \u00c1valos e Ignacio Pussetto o Facundo Vald\u00e9z.&nbsp;<strong>DT: Gustavo Quinteros.<\/strong>__IP__<\/p>\n\n\n\n<p><strong>Racing<\/strong>: Facundo Cambeses; Ezequiel Cannavo, Marco Di C\u00e9sare, Marcos Rojo, Agust\u00edn Garc\u00eda Basso; Santiago Sosa, Baltasar Rodr\u00edguez, Adri\u00e1n Fern\u00e1ndez; Tom\u00e1s Conechny, Adri\u00e1n Mart\u00ednez y Santiago Solari.&nbsp;<strong>DT: Gustavo Costas.<\/strong><\/p>\n\n\n\n<p><a href=\"https:\/\/noticiasargentinas.com\/-agenciana_t6916e70a4551e78eb9423f59\"><strong>#AgenciaNA<\/strong><\/a><strong>&nbsp;<\/strong><\/p>\n","protected":false},"excerpt":{"rendered":"<p>&nbsp;Independiente recibir\u00e1 este s\u00e1bado a Racing, por la decimotercera fecha del&nbsp;Torneo Apertura, en la que ser\u00e1 una nueva edici\u00f3n del&nbsp;\u201cCl\u00e1sico de Avellaneda\u201d,&nbsp;uno de los partidos m\u00e1s emocionantes del f\u00fatbol argentino. El encuentro, que est\u00e1&nbsp;programado para las 17:30, se llevar\u00e1 a cabo en el&nbsp;Estadio Libertadores de Am\u00e9rica &#8211; Ricardo Enrique Bochini, contar\u00e1 con la cobertura en [&hellip;]<\/p>\n","protected":false},"author":2,"featured_media":54914,"comment_status":"closed","ping_status":"open","sticky":false,"template":"","format":"standard","meta":{"footnotes":""},"categories":[50],"tags":[],"class_list":["post-54913","post","type-post","status-publish","format-standard","has-post-thumbnail","hentry","category-deportes"],"_links":{"self":[{"href":"https:\/\/clicdenoticias.com\/index.php\/wp-json\/wp\/v2\/posts\/54913","targetHints":{"allow":["GET"]}}],"collection":[{"href":"https:\/\/clicdenoticias.com\/index.php\/wp-json\/wp\/v2\/posts"}],"about":[{"href":"https:\/\/clicdenoticias.com\/index.php\/wp-json\/wp\/v2\/types\/post"}],"author":[{"embeddable":true,"href":"https:\/\/clicdenoticias.com\/index.php\/wp-json\/wp\/v2\/users\/2"}],"replies":[{"embeddable":true,"href":"https:\/\/clicdenoticias.com\/index.php\/wp-json\/wp\/v2\/comments?post=54913"}],"version-history":[{"count":1,"href":"https:\/\/clicdenoticias.com\/index.php\/wp-json\/wp\/v2\/posts\/54913\/revisions"}],"predecessor-version":[{"id":54915,"href":"https:\/\/clicdenoticias.com\/index.php\/wp-json\/wp\/v2\/posts\/54913\/revisions\/54915"}],"wp:featuredmedia":[{"embeddable":true,"href":"https:\/\/clicdenoticias.com\/index.php\/wp-json\/wp\/v2\/media\/54914"}],"wp:attachment":[{"href":"https:\/\/clicdenoticias.com\/index.php\/wp-json\/wp\/v2\/media?parent=54913"}],"wp:term":[{"taxonomy":"category","embeddable":true,"href":"https:\/\/clicdenoticias.com\/index.php\/wp-json\/wp\/v2\/categories?post=54913"},{"taxonomy":"post_tag","embeddable":true,"href":"https:\/\/clicdenoticias.com\/index.php\/wp-json\/wp\/v2\/tags?post=54913"}],"curies":[{"name":"wp","href":"https:\/\/api.w.org\/{rel}","templated":true}]}}