{"id":55296,"date":"2026-04-17T09:15:49","date_gmt":"2026-04-17T12:15:49","guid":{"rendered":"https:\/\/clicdenoticias.com\/?p=55296"},"modified":"2026-04-17T09:15:50","modified_gmt":"2026-04-17T12:15:50","slug":"presunto-abuso-sexual-en-river-desde-la-agrupacion-primero-river-reclaman-un-comunicado-por-parte-del-club","status":"publish","type":"post","link":"https:\/\/clicdenoticias.com\/index.php\/2026\/04\/17\/presunto-abuso-sexual-en-river-desde-la-agrupacion-primero-river-reclaman-un-comunicado-por-parte-del-club\/","title":{"rendered":"Presunto abuso sexual en River: desde la agrupaci\u00f3n Primero River reclaman un comunicado por parte del club"},"content":{"rendered":"\n<p>La vicepresidenta de la agrupaci\u00f3n \u201cCentro de Integraci\u00f3n Riverplatense\u201d perteneciente a Primero River,&nbsp;<strong>M\u00f3nica Ernitz<\/strong>, estuvo al aire en Splendid AM 990 y reclam\u00f3 la falta de acci\u00f3n de la dirigencia del \u201cMillonario\u201d frente a una denuncia por abuso sexual en el club.<\/p>\n\n\n\n<p>Seg\u00fan supo la&nbsp;<strong>Agencia Noticias Argentinas<\/strong>, la denuncia fue radicada el mi\u00e9rcoles 8 de abril en el Juzgado Nacional en lo Criminal y Correccional N\u00b0 45, y acusa al jefe de seguridad del club por abuso.<\/p>\n\n\n\n<p>La declaraci\u00f3n se dio en el programa&nbsp;<strong>Contando los d\u00edas<\/strong>&nbsp;de Splendid AM 990, el cual conduce&nbsp;<strong>Luisa Valmaggia<\/strong>&nbsp;y va de lunes a viernes, de 17:00 a 19:00.<\/p>\n\n\n\n<p>Desde su posici\u00f3n como vicepresidenta de una agrupaci\u00f3n perteneciente a un frente opositor en la pol\u00edtica de River,&nbsp;<strong>M\u00f3nica Ernitz<\/strong>&nbsp;se mostr\u00f3 informada sobre el esc\u00e1ndalo por un presunto abuso sexual en el \u201cMillonario\u201d, afirmando que conoce la situaci\u00f3n desde \u201cla semana pasada\u201d y que, junto a un grupo de socios, elev\u00f3 una nota al presidente&nbsp;<strong>Stefano Di Carlo<\/strong>&nbsp;el pasado lunes 13 de abril pidiendo explicaciones, aunque todav\u00eda no han tenido respuestas.<\/p>\n","protected":false},"excerpt":{"rendered":"<p>La vicepresidenta de la agrupaci\u00f3n \u201cCentro de Integraci\u00f3n Riverplatense\u201d perteneciente a Primero River,&nbsp;M\u00f3nica Ernitz, estuvo al aire en Splendid AM 990 y reclam\u00f3 la falta de acci\u00f3n de la dirigencia del \u201cMillonario\u201d frente a una denuncia por abuso sexual en el club. Seg\u00fan supo la&nbsp;Agencia Noticias Argentinas, la denuncia fue radicada el mi\u00e9rcoles 8 de [&hellip;]<\/p>\n","protected":false},"author":2,"featured_media":55297,"comment_status":"closed","ping_status":"open","sticky":false,"template":"","format":"standard","meta":{"footnotes":""},"categories":[45],"tags":[],"class_list":["post-55296","post","type-post","status-publish","format-standard","has-post-thumbnail","hentry","category-sociedad"],"_links":{"self":[{"href":"https:\/\/clicdenoticias.com\/index.php\/wp-json\/wp\/v2\/posts\/55296","targetHints":{"allow":["GET"]}}],"collection":[{"href":"https:\/\/clicdenoticias.com\/index.php\/wp-json\/wp\/v2\/posts"}],"about":[{"href":"https:\/\/clicdenoticias.com\/index.php\/wp-json\/wp\/v2\/types\/post"}],"author":[{"embeddable":true,"href":"https:\/\/clicdenoticias.com\/index.php\/wp-json\/wp\/v2\/users\/2"}],"replies":[{"embeddable":true,"href":"https:\/\/clicdenoticias.com\/index.php\/wp-json\/wp\/v2\/comments?post=55296"}],"version-history":[{"count":1,"href":"https:\/\/clicdenoticias.com\/index.php\/wp-json\/wp\/v2\/posts\/55296\/revisions"}],"predecessor-version":[{"id":55298,"href":"https:\/\/clicdenoticias.com\/index.php\/wp-json\/wp\/v2\/posts\/55296\/revisions\/55298"}],"wp:featuredmedia":[{"embeddable":true,"href":"https:\/\/clicdenoticias.com\/index.php\/wp-json\/wp\/v2\/media\/55297"}],"wp:attachment":[{"href":"https:\/\/clicdenoticias.com\/index.php\/wp-json\/wp\/v2\/media?parent=55296"}],"wp:term":[{"taxonomy":"category","embeddable":true,"href":"https:\/\/clicdenoticias.com\/index.php\/wp-json\/wp\/v2\/categories?post=55296"},{"taxonomy":"post_tag","embeddable":true,"href":"https:\/\/clicdenoticias.com\/index.php\/wp-json\/wp\/v2\/tags?post=55296"}],"curies":[{"name":"wp","href":"https:\/\/api.w.org\/{rel}","templated":true}]}}