{"id":55363,"date":"2026-04-22T14:59:05","date_gmt":"2026-04-22T17:59:05","guid":{"rendered":"https:\/\/clicdenoticias.com\/?p=55363"},"modified":"2026-04-22T14:59:07","modified_gmt":"2026-04-22T17:59:07","slug":"marina-moretti-acompano-al-gobernador-a-la-corte-suprema-por-la-deuda-de-anses","status":"publish","type":"post","link":"https:\/\/clicdenoticias.com\/index.php\/2026\/04\/22\/marina-moretti-acompano-al-gobernador-a-la-corte-suprema-por-la-deuda-de-anses\/","title":{"rendered":"MARINA MORETTI ACOMPA\u00d1\u00d3 AL GOBERNADOR A LA CORTE SUPREMA POR LA DEUDA DE ANSES"},"content":{"rendered":"\n<p>Ayer martes, la titular del Instituto de Previsi\u00f3n Social (IPS), Marina Moretti, acompa\u00f1\u00f3 al gobernador Axel Kicillof a la segunda audiencia convocada por la Corte Suprema de Justicia de la Naci\u00f3n por la deuda de $2,3 billones que el Gobierno nacional mantiene con la provincia.<\/p>\n\n\n\n<p>En ese marco, Kicillof destac\u00f3: \u201cLo que discutimos hoy en la Corte Suprema es la deuda de 2,3 billones de pesos por las cajas de jubilados no transferidas por el Gobierno nacional.<\/p>\n\n\n\n<p>Logramos un compromiso: el Ministerio de Econom\u00eda de la Naci\u00f3n y ANSES deber\u00e1n traer el pr\u00f3ximo 10 de junio una propuesta concreta de pago, algo que venimos solicitando hace m\u00e1s de dos a\u00f1os\u201d.<\/p>\n\n\n\n<p>Esta denuncia del Gobierno bonaerense se debi\u00f3 a la suspensi\u00f3n de las transferencias de fondos que ANSES debe realizar de manera obligatoria a las cajas provinciales que no hayan sido derivadas al Estado nacional, entre ellas el IPS de la provincia de Buenos Aires. Estuvieron presentes tambi\u00e9n el Fiscal de Estado, Hern\u00e1n G\u00f3mez; el ministro de Econom\u00eda, Pablo L\u00f3pez; y el asesor general de Gobierno, Santiago P\u00e9rez Teruel.<\/p>\n","protected":false},"excerpt":{"rendered":"<p>Ayer martes, la titular del Instituto de Previsi\u00f3n Social (IPS), Marina Moretti, acompa\u00f1\u00f3 al gobernador Axel Kicillof a la segunda audiencia convocada por la Corte Suprema de Justicia de la Naci\u00f3n por la deuda de $2,3 billones que el Gobierno nacional mantiene con la provincia. En ese marco, Kicillof destac\u00f3: \u201cLo que discutimos hoy en [&hellip;]<\/p>\n","protected":false},"author":2,"featured_media":55364,"comment_status":"closed","ping_status":"open","sticky":false,"template":"","format":"standard","meta":{"footnotes":""},"categories":[43],"tags":[],"class_list":["post-55363","post","type-post","status-publish","format-standard","has-post-thumbnail","hentry","category-politica"],"_links":{"self":[{"href":"https:\/\/clicdenoticias.com\/index.php\/wp-json\/wp\/v2\/posts\/55363","targetHints":{"allow":["GET"]}}],"collection":[{"href":"https:\/\/clicdenoticias.com\/index.php\/wp-json\/wp\/v2\/posts"}],"about":[{"href":"https:\/\/clicdenoticias.com\/index.php\/wp-json\/wp\/v2\/types\/post"}],"author":[{"embeddable":true,"href":"https:\/\/clicdenoticias.com\/index.php\/wp-json\/wp\/v2\/users\/2"}],"replies":[{"embeddable":true,"href":"https:\/\/clicdenoticias.com\/index.php\/wp-json\/wp\/v2\/comments?post=55363"}],"version-history":[{"count":1,"href":"https:\/\/clicdenoticias.com\/index.php\/wp-json\/wp\/v2\/posts\/55363\/revisions"}],"predecessor-version":[{"id":55365,"href":"https:\/\/clicdenoticias.com\/index.php\/wp-json\/wp\/v2\/posts\/55363\/revisions\/55365"}],"wp:featuredmedia":[{"embeddable":true,"href":"https:\/\/clicdenoticias.com\/index.php\/wp-json\/wp\/v2\/media\/55364"}],"wp:attachment":[{"href":"https:\/\/clicdenoticias.com\/index.php\/wp-json\/wp\/v2\/media?parent=55363"}],"wp:term":[{"taxonomy":"category","embeddable":true,"href":"https:\/\/clicdenoticias.com\/index.php\/wp-json\/wp\/v2\/categories?post=55363"},{"taxonomy":"post_tag","embeddable":true,"href":"https:\/\/clicdenoticias.com\/index.php\/wp-json\/wp\/v2\/tags?post=55363"}],"curies":[{"name":"wp","href":"https:\/\/api.w.org\/{rel}","templated":true}]}}