{"id":55375,"date":"2026-04-22T15:08:22","date_gmt":"2026-04-22T18:08:22","guid":{"rendered":"https:\/\/clicdenoticias.com\/?p=55375"},"modified":"2026-04-22T15:08:24","modified_gmt":"2026-04-22T18:08:24","slug":"la-provincia-licito-la-pavimentacion-del-acceso-a-berdier","status":"publish","type":"post","link":"https:\/\/clicdenoticias.com\/index.php\/2026\/04\/22\/la-provincia-licito-la-pavimentacion-del-acceso-a-berdier\/","title":{"rendered":"\u00a0La Provincia licit\u00f3 la pavimentaci\u00f3n del acceso a Berdier"},"content":{"rendered":"\n<p>La obra se desarrollar\u00e1 sobre 6.888 metros, en jurisdicci\u00f3n del Partido de Salto.<\/p>\n\n\n\n<p>La Direcci\u00f3n de Vialidad de la provincia de Buenos Aires, dependiente del ministerio de Infraestructura y Servicios P\u00fablicos, licit\u00f3 la obra de pavimentaci\u00f3n del Camino Secundario N\u00ba 067-01, conocido como el acceso a Berdier, en Salto.<br>El tramo a intervenir inicia en la Ruta Provincial N\u00ba 191, y se desarrolla sobre una longitud de 6.888 metros hasta la localidad de Berdier.<br>Al respecto, el subadministrador de Vialidad, Hern\u00e1n Y Zurieta, indic\u00f3: \u201cSe trata de un reclamo hist\u00f3rico de vecinos y vecinas de la localidad que ven\u00edan pidiendo mejoras en este acceso\u201d; y agreg\u00f3: \u201cLa decisi\u00f3n pol\u00edtica del Gobernador de seguir llevando obras a distintos puntos de la Provincia tiene que ver con darle impulso a las comunidades del interior y fomentar el desarrollo econ\u00f3mico\u201d.<br>La obra prev\u00e9 la construcci\u00f3n de d\u00e1rsenas vehiculares para el acceso, egreso y giro izquierda en el empalme con la ruta provincial N\u00b0 191; y la colocaci\u00f3n de barandas met\u00e1licas para defensa vehicular en los terraplenes de acceso y en las alcantarillas transversales.<br>Asimismo, contempla la construcci\u00f3n de refugios peatonales de hormig\u00f3n y la ejecuci\u00f3n de alcantarillas de hormig\u00f3n armado.&nbsp; Se readecuar\u00e1 y se pondr\u00e1 en valor el paso a nivel, correspondiente al cruce de las v\u00edas del FF.CC. Gral. Belgrano, en lo que respecta al se\u00f1alamiento horizontal y vertical.<br>El presente proyecto contempla la provisi\u00f3n y colocaci\u00f3n de columnas de iluminaci\u00f3n completas; y tareas de se\u00f1alizaci\u00f3n horizontal y vertical.<br>Cabe se\u00f1alar que se presentaron 14 ofertas y el presupuesto oficial ascendi\u00f3 a $5.788.792.244,79.<br>Del acto participaron el subadministrador de Vialidad, Hern\u00e1n Y Zurieta; los Gerentes T\u00e9cnico y Ejecutivo, Mario Aguirre y Gabriel Yankowsky, respectivamente; y la asesora legal, Mar\u00eda Jos\u00e9 Ib\u00e1\u00f1ez.<\/p>\n","protected":false},"excerpt":{"rendered":"<p>La obra se desarrollar\u00e1 sobre 6.888 metros, en jurisdicci\u00f3n del Partido de Salto. La Direcci\u00f3n de Vialidad de la provincia de Buenos Aires, dependiente del ministerio de Infraestructura y Servicios P\u00fablicos, licit\u00f3 la obra de pavimentaci\u00f3n del Camino Secundario N\u00ba 067-01, conocido como el acceso a Berdier, en Salto.El tramo a intervenir inicia en la [&hellip;]<\/p>\n","protected":false},"author":2,"featured_media":55376,"comment_status":"closed","ping_status":"open","sticky":false,"template":"","format":"standard","meta":{"footnotes":""},"categories":[68,51],"tags":[],"class_list":["post-55375","post","type-post","status-publish","format-standard","has-post-thumbnail","hentry","category-destacada","category-provincias"],"_links":{"self":[{"href":"https:\/\/clicdenoticias.com\/index.php\/wp-json\/wp\/v2\/posts\/55375","targetHints":{"allow":["GET"]}}],"collection":[{"href":"https:\/\/clicdenoticias.com\/index.php\/wp-json\/wp\/v2\/posts"}],"about":[{"href":"https:\/\/clicdenoticias.com\/index.php\/wp-json\/wp\/v2\/types\/post"}],"author":[{"embeddable":true,"href":"https:\/\/clicdenoticias.com\/index.php\/wp-json\/wp\/v2\/users\/2"}],"replies":[{"embeddable":true,"href":"https:\/\/clicdenoticias.com\/index.php\/wp-json\/wp\/v2\/comments?post=55375"}],"version-history":[{"count":1,"href":"https:\/\/clicdenoticias.com\/index.php\/wp-json\/wp\/v2\/posts\/55375\/revisions"}],"predecessor-version":[{"id":55377,"href":"https:\/\/clicdenoticias.com\/index.php\/wp-json\/wp\/v2\/posts\/55375\/revisions\/55377"}],"wp:featuredmedia":[{"embeddable":true,"href":"https:\/\/clicdenoticias.com\/index.php\/wp-json\/wp\/v2\/media\/55376"}],"wp:attachment":[{"href":"https:\/\/clicdenoticias.com\/index.php\/wp-json\/wp\/v2\/media?parent=55375"}],"wp:term":[{"taxonomy":"category","embeddable":true,"href":"https:\/\/clicdenoticias.com\/index.php\/wp-json\/wp\/v2\/categories?post=55375"},{"taxonomy":"post_tag","embeddable":true,"href":"https:\/\/clicdenoticias.com\/index.php\/wp-json\/wp\/v2\/tags?post=55375"}],"curies":[{"name":"wp","href":"https:\/\/api.w.org\/{rel}","templated":true}]}}