{"id":55414,"date":"2026-04-23T07:56:19","date_gmt":"2026-04-23T10:56:19","guid":{"rendered":"https:\/\/clicdenoticias.com\/?p=55414"},"modified":"2026-04-23T07:56:20","modified_gmt":"2026-04-23T10:56:20","slug":"karina-milei-activa-la-disputa-por-la-pba-santilli-estara-en-una-actividad-en-suipacha","status":"publish","type":"post","link":"https:\/\/clicdenoticias.com\/index.php\/2026\/04\/23\/karina-milei-activa-la-disputa-por-la-pba-santilli-estara-en-una-actividad-en-suipacha\/","title":{"rendered":"Karina Milei activa la disputa por la PBA: Santilli estar\u00e1 en una actividad en Suipacha"},"content":{"rendered":"\n<p>A\u00fan con tiempo,&nbsp;<strong>La Libertad Avanza<\/strong>&nbsp;(LLA) da los primeros pasos en la carrera por la disputa de la provincia de Buenos Aires, que actualmente gobierna&nbsp;<strong>Axel Kicillof,<\/strong>&nbsp;y prepara una actividad formativa en la ciudad de Suipacha que contar\u00e1 con la presencia del ministro del Interior,&nbsp;<strong>Diego Santilli.&nbsp;<\/strong><\/p>\n\n\n\n<p>Seg\u00fan supo la&nbsp;<a rel=\"noreferrer noopener\" href=\"https:\/\/es.wikipedia.org\/wiki\/Noticias_Argentinas\" target=\"_blank\">agencia Noticias Argentinas<\/a>, el armador bonaerense, actual diputado nacional&nbsp;<strong>Sebasti\u00e1n Pareja<\/strong>&nbsp;prepara la actividad que se desarrollar\u00e1 este s\u00e1bado en la Primera Secci\u00f3n Electoral desde las 17.<\/p>\n\n\n\n<p>Se trata de una jornada correspondiente a la&nbsp;<strong>Escuela de Formaci\u00f3n, Debate y An\u00e1lisis Pol\u00edtico (EFDAP)<\/strong>&nbsp;con la participaci\u00f3n del dirigente y referentes de los 135 distritos provinciales.&nbsp;<\/p>\n\n\n\n<p>Pese a la tensi\u00f3n interna abierta, luego de que Pareja denunciara a algunos tuiteros por la filtraci\u00f3n de sus datos personales en la red social X, la coordinaci\u00f3n partidaria de la provincia hizo extensiva la invitaci\u00f3n a los legisladores bonaereses de las Fuerzas del Cielo, Agust\u00edn Romo y Nahuel Sotelo. Tambi\u00e9n a los diputados nacionales por la provincia, Joaqu\u00edn Ojeda y Santiago Santurio, quienes a\u00fan no confirmaron asistencia.&nbsp;<\/p>\n\n\n\n<p>La idea de la jornada, que podr\u00eda contar con la presencia de la secretaria general de la Presidencia, Karina Milei, a\u00fan por confirmarse, contar\u00e1 de dos instancias. La primera, a cargo de Pareja, quien brindar\u00e1 unas palabras de apertura escoltado por la directora general de EFDAP, la diputada<strong>&nbsp;Miriam Niveyro<\/strong>&nbsp;y por el senador provincial&nbsp;<strong>Luciano Olivera.<\/strong><\/p>\n\n\n\n<p>En el segundo tramo de la jornada habr\u00e1 una instancia formativa con mesas de&nbsp;<strong>coordinaci\u00f3n<\/strong>&nbsp;para avanzar en capacitaciones en estrategia pol\u00edtica, comunicaci\u00f3n y organizaci\u00f3n territorial. Participar\u00e1 de esta din\u00e1mica intendente de Tres Febrero en uso de licencia y actual senador provincial,&nbsp;<strong>Diego Valenzuela.&nbsp;<\/strong><\/p>\n\n\n\n<p>La presencia de&nbsp;<strong>Santilli<\/strong>, ex legislador del PRO, pero cada vez m\u00e1s distante del espacio, le imprime la impronta electoral a la actividad dado que, desde su desembarco en el Gabinete, se transform\u00f3&nbsp;<strong>en el candidato natural del espacio para disputarle la provincia a Kicillof.&nbsp;<\/strong><\/p>\n\n\n\n<p>Si bien en la provincia, terminales del armado violeta anticipan un acuerdo electoral con el PRO, como funcion\u00f3 en 2025, no se espera la asistencia del diputado&nbsp;<strong>Cristian Ritondo<\/strong>&nbsp;o el senador bonaerense&nbsp;<strong>Guillermo Montenegro.<\/strong>&nbsp;\u201cCuidamos el rechanzo amarillo\u201d, sostuvieron desde el entorno de los mencionados.&nbsp;__IP__<\/p>\n\n\n\n<p>Lo cierto es que la actividad se da luego de que la menor de los Milei activara la mesa electoral que comparte con los primos Mart\u00edn y Eduardo \u201cLule\u201d Menem, y el mencionado Santilli.&nbsp;<\/p>\n\n\n\n<p>En las \u00faltimas semanas, se tendieron algunos puntos con los gobernadores aliados como Alfredo Frigerio (Entre R\u00edos) y Alfredo Cornejo (Mendoza), y se prev\u00e9 pr\u00f3ximos contactos con Leandro Zdero (Chaco), Claudio Poggi (San Luis) y Marcelo Orrego (San Juan).&nbsp;<a href=\"https:\/\/noticiasargentinas.com\/-agenciana_t6916e70a4551e78eb9423f59\">#AgenciaNA<\/a>&nbsp;<\/p>\n","protected":false},"excerpt":{"rendered":"<p>A\u00fan con tiempo,&nbsp;La Libertad Avanza&nbsp;(LLA) da los primeros pasos en la carrera por la disputa de la provincia de Buenos Aires, que actualmente gobierna&nbsp;Axel Kicillof,&nbsp;y prepara una actividad formativa en la ciudad de Suipacha que contar\u00e1 con la presencia del ministro del Interior,&nbsp;Diego Santilli.&nbsp; Seg\u00fan supo la&nbsp;agencia Noticias Argentinas, el armador bonaerense, actual diputado nacional&nbsp;Sebasti\u00e1n [&hellip;]<\/p>\n","protected":false},"author":2,"featured_media":55415,"comment_status":"closed","ping_status":"open","sticky":false,"template":"","format":"standard","meta":{"footnotes":""},"categories":[68,43],"tags":[],"class_list":["post-55414","post","type-post","status-publish","format-standard","has-post-thumbnail","hentry","category-destacada","category-politica"],"_links":{"self":[{"href":"https:\/\/clicdenoticias.com\/index.php\/wp-json\/wp\/v2\/posts\/55414","targetHints":{"allow":["GET"]}}],"collection":[{"href":"https:\/\/clicdenoticias.com\/index.php\/wp-json\/wp\/v2\/posts"}],"about":[{"href":"https:\/\/clicdenoticias.com\/index.php\/wp-json\/wp\/v2\/types\/post"}],"author":[{"embeddable":true,"href":"https:\/\/clicdenoticias.com\/index.php\/wp-json\/wp\/v2\/users\/2"}],"replies":[{"embeddable":true,"href":"https:\/\/clicdenoticias.com\/index.php\/wp-json\/wp\/v2\/comments?post=55414"}],"version-history":[{"count":1,"href":"https:\/\/clicdenoticias.com\/index.php\/wp-json\/wp\/v2\/posts\/55414\/revisions"}],"predecessor-version":[{"id":55416,"href":"https:\/\/clicdenoticias.com\/index.php\/wp-json\/wp\/v2\/posts\/55414\/revisions\/55416"}],"wp:featuredmedia":[{"embeddable":true,"href":"https:\/\/clicdenoticias.com\/index.php\/wp-json\/wp\/v2\/media\/55415"}],"wp:attachment":[{"href":"https:\/\/clicdenoticias.com\/index.php\/wp-json\/wp\/v2\/media?parent=55414"}],"wp:term":[{"taxonomy":"category","embeddable":true,"href":"https:\/\/clicdenoticias.com\/index.php\/wp-json\/wp\/v2\/categories?post=55414"},{"taxonomy":"post_tag","embeddable":true,"href":"https:\/\/clicdenoticias.com\/index.php\/wp-json\/wp\/v2\/tags?post=55414"}],"curies":[{"name":"wp","href":"https:\/\/api.w.org\/{rel}","templated":true}]}}