{"id":55429,"date":"2026-04-23T08:05:32","date_gmt":"2026-04-23T11:05:32","guid":{"rendered":"https:\/\/clicdenoticias.com\/?p=55429"},"modified":"2026-04-23T08:05:38","modified_gmt":"2026-04-23T11:05:38","slug":"presentaron-la-bienal-internacional-de-cultura-con-escultores-de-10-paises-que-se-participaran-en-chaco","status":"publish","type":"post","link":"https:\/\/clicdenoticias.com\/index.php\/2026\/04\/23\/presentaron-la-bienal-internacional-de-cultura-con-escultores-de-10-paises-que-se-participaran-en-chaco\/","title":{"rendered":"Presentaron la Bienal Internacional de Cultura con escultores de 10 pa\u00edses que se participar\u00e1n en Chaco"},"content":{"rendered":"\n<p>La<strong>&nbsp;Bienal Internacional de Escultura del Chaco 2026<\/strong>&nbsp;anunci\u00f3 oficialmente a&nbsp;<strong>los diez escultores seleccionados que participar\u00e1n del certamen central,<\/strong>&nbsp;tras recibir 439 postulaciones provenientes de 70 pa\u00edses.<\/p>\n\n\n\n<p>Seg\u00fan el documento oficial al que tuvo acceso la&nbsp;<strong>Agencia Noticias Argentinas<\/strong>, el encuentro de apertura del ciclo se realiz\u00f3 este mi\u00e9rcoles, en la Casa del Chaco, donde&nbsp;<strong>participaron autoridades nacionales e internacionales.<\/strong><\/p>\n\n\n\n<p>El evento cont\u00f3 con la presencia del Ministro de Cultura de la Naci\u00f3n<strong>, Leonardo Cifelli;&nbsp;<\/strong>el gobernador de Chaco<strong>, Leandro Zdero;&nbsp;<\/strong>el secretario de Turismo y Deporte<strong>, Daniel Scioli<\/strong>; el presidente de la Fundaci\u00f3n Urunday,&nbsp;<strong>Jos\u00e9 Eidman<\/strong>, adem\u00e1s de<strong>&nbsp;referentes del \u00e1mbito art\u00edstico, cultural y acad\u00e9mico; mecenas y patrocinadores del proyecto.<\/strong><\/p>\n\n\n\n<p>Los pueblos, las ciudades, las comunidades forjan su identidad en la mitolog\u00eda y la mitolog\u00eda se narra con palabras. Las palabras est\u00e1n conformadas por la fluctuante historia de la humanidad: a fuerza de hierro, de ca\u00eddas y de luces.<\/p>\n\n\n\n<p>El primer&nbsp;<strong>Concurso de Escultura a Cielo Abierto en la Plaza 25 de Mayo se realiz\u00f3 hace 38 a\u00f1os<\/strong>&nbsp;y, actualmente, la fundaci\u00f3n plant\u00f3 bandera y este evento se consolid\u00f3 a nivel mundial, as\u00ed lo expres\u00f3 Eidman:&nbsp;<strong>\u201cDesde aquel concurso hecho a pulm\u00f3n en 1988 hasta nuestros d\u00edas, m\u00e1s de quinientos escultores del mundo pasaron por el Chaco\u201d.<\/strong><\/p>\n\n\n\n<p>\u201cSus obras habitan veredas y bulevares, forman parte del paisaje cotidiano y alimentan un patrimonio art\u00edstico que hace de Resistencia una ciudad reconocida y respetada. Una suerte de capital de los escultores del mundo\u201d, a\u00f1adi\u00f3.<\/p>\n\n\n\n<p>A su vez, anunci\u00f3 que en esta oportunidad, el encuentro&nbsp;<strong>\u201cser\u00e1 sede de la Reuni\u00f3n Anual y el Simposio del ICLAFI,<\/strong>&nbsp;el Comit\u00e9 Cient\u00edfico Internacional de Asuntos Legales, Administrativos y Financieros de ICOMOS, organismo consultivo oficial de la&nbsp;<strong>UNESCO&nbsp;<\/strong>en materia de patrimonio cultural\u201d.<\/p>\n\n\n\n<p>Este a\u00f1o se recibieron 439 postulaciones de 70 pa\u00edses, de los que fueron seleccionados 10: por Argentina, N\u00e9stor Vildoza; ante Bielorrusia se presentar\u00e1 Alex Sorokin, como part\u00edcipe de Bulgaria estar\u00e1 Georgi Minchev, por Chile Mauricio Guajardo, por Espa\u00f1a Jos\u00e9 Carlos Cabello Mill\u00e1n, desde Italia Francesca Bernardini, mientras que Anna Teresa Rasinska ser\u00e1 la representante polaca, as\u00ed como Furkan Depeli de Turqu\u00eda, la ucraniana Lyudmyla Mysko<br>y Uzbekist\u00e1n Ulash Urakov.__IP__<\/p>\n\n\n\n<p>Los artistas trabajar\u00e1n sobre m\u00e1rmol y acero inoxidable, los proyectos se llevar\u00e1n a cabo al aire libre durante las nueve jornadas de ceremonia.&nbsp;<\/p>\n\n\n\n<p><a href=\"https:\/\/noticiasargentinas.com\/-agenciana_t6916e70a4551e78eb9423f59\">#AgenciaNA<\/a>&nbsp;<\/p>\n","protected":false},"excerpt":{"rendered":"<p>La&nbsp;Bienal Internacional de Escultura del Chaco 2026&nbsp;anunci\u00f3 oficialmente a&nbsp;los diez escultores seleccionados que participar\u00e1n del certamen central,&nbsp;tras recibir 439 postulaciones provenientes de 70 pa\u00edses. Seg\u00fan el documento oficial al que tuvo acceso la&nbsp;Agencia Noticias Argentinas, el encuentro de apertura del ciclo se realiz\u00f3 este mi\u00e9rcoles, en la Casa del Chaco, donde&nbsp;participaron autoridades nacionales e internacionales. [&hellip;]<\/p>\n","protected":false},"author":2,"featured_media":55430,"comment_status":"closed","ping_status":"open","sticky":false,"template":"","format":"standard","meta":{"footnotes":""},"categories":[54],"tags":[],"class_list":["post-55429","post","type-post","status-publish","format-standard","has-post-thumbnail","hentry","category-turismo"],"_links":{"self":[{"href":"https:\/\/clicdenoticias.com\/index.php\/wp-json\/wp\/v2\/posts\/55429","targetHints":{"allow":["GET"]}}],"collection":[{"href":"https:\/\/clicdenoticias.com\/index.php\/wp-json\/wp\/v2\/posts"}],"about":[{"href":"https:\/\/clicdenoticias.com\/index.php\/wp-json\/wp\/v2\/types\/post"}],"author":[{"embeddable":true,"href":"https:\/\/clicdenoticias.com\/index.php\/wp-json\/wp\/v2\/users\/2"}],"replies":[{"embeddable":true,"href":"https:\/\/clicdenoticias.com\/index.php\/wp-json\/wp\/v2\/comments?post=55429"}],"version-history":[{"count":1,"href":"https:\/\/clicdenoticias.com\/index.php\/wp-json\/wp\/v2\/posts\/55429\/revisions"}],"predecessor-version":[{"id":55431,"href":"https:\/\/clicdenoticias.com\/index.php\/wp-json\/wp\/v2\/posts\/55429\/revisions\/55431"}],"wp:featuredmedia":[{"embeddable":true,"href":"https:\/\/clicdenoticias.com\/index.php\/wp-json\/wp\/v2\/media\/55430"}],"wp:attachment":[{"href":"https:\/\/clicdenoticias.com\/index.php\/wp-json\/wp\/v2\/media?parent=55429"}],"wp:term":[{"taxonomy":"category","embeddable":true,"href":"https:\/\/clicdenoticias.com\/index.php\/wp-json\/wp\/v2\/categories?post=55429"},{"taxonomy":"post_tag","embeddable":true,"href":"https:\/\/clicdenoticias.com\/index.php\/wp-json\/wp\/v2\/tags?post=55429"}],"curies":[{"name":"wp","href":"https:\/\/api.w.org\/{rel}","templated":true}]}}