{"id":55466,"date":"2026-04-24T07:47:12","date_gmt":"2026-04-24T10:47:12","guid":{"rendered":"https:\/\/clicdenoticias.com\/?p=55466"},"modified":"2026-04-24T07:47:13","modified_gmt":"2026-04-24T10:47:13","slug":"el-consumo-de-los-hogares-en-bienes-y-servicios-finales-siguio-siendo-negativo-en-marzo","status":"publish","type":"post","link":"https:\/\/clicdenoticias.com\/index.php\/2026\/04\/24\/el-consumo-de-los-hogares-en-bienes-y-servicios-finales-siguio-siendo-negativo-en-marzo\/","title":{"rendered":"El consumo de los hogares en bienes y servicios finales sigui\u00f3 siendo negativo en marzo"},"content":{"rendered":"\n<p>El<strong>&nbsp;Indicador de Consumo&nbsp;<\/strong>(IC) de la C\u00e1mara Argentina de Comercio y Servicios (CAC) registr\u00f3 en marzo&nbsp;<a href=\"https:\/\/noticiasargentinas.com\/economia\/el-consumo-sigue-en-caida-y-no-logra-repuntar--como-le-fue-en-supermercados--mayoristas-y-shoppings_a69ea6d9e7825f8815380d93d\"><strong>una ca\u00edda interanual del -1,3%, por debajo de la merma registrada en febrero, que hab\u00eda sido del -3,4%, de acuerdo con la evaluaci\u00f3n del INDEC.<\/strong><\/a><\/p>\n\n\n\n<p>De este modo, para el&nbsp;<strong>indicador privado,<\/strong>&nbsp;la comparaci\u00f3n intermensual desestacionalizada mostr\u00f3&nbsp;<strong>un retroceso del &nbsp;-0,2% respecto de enero de 2026<\/strong>, y complet\u00f3&nbsp;<strong>un trimestre en el que se combinaron descensos interanuales y estancamientos,<\/strong>&nbsp;que, a su vez, se dieron tras un primer trimestre de 2025 caracterizado por variaciones interanuales positivas, de acuerdo con los datos chequeados por la&nbsp;<strong>Agencia Noticias Argentinas.<\/strong><\/p>\n\n\n\n<p>&nbsp;La conclusi\u00f3n que sac\u00f3 la C\u00e1mara Argentina de Comercio y Servicios, a la luz de la informaci\u00f3n presentada, fue que \u201cel&nbsp;<strong>consumo masivo&nbsp;<\/strong>paus\u00f3 su recuperaci\u00f3n, mientras que&nbsp;<strong>el consumo de bienes durables enfrenta meses que ser\u00e1n fundamentales para determinar el car\u00e1cter del a\u00f1o tras un 2024 y 2025 de notable mejor\u00eda\u201d<\/strong>.&nbsp;<\/p>\n\n\n\n<p>En este sentido, \u201cla composici\u00f3n del&nbsp;<strong>consumo de los hogares<\/strong>&nbsp;enfrenta la misma incertidumbre: puede tender a estabilizarse en este&nbsp;<strong>nuevo equilibrio entre consumo masivo y de durables,&nbsp;<\/strong>o&nbsp;<strong>puede seguir cambiando en favor de los durables si el consumo de estos bienes retoma la senda ascendente ante el estancamiento en los bienes de consumo masivo, o FMCG (por sus siglas en ingl\u00e9s, fast-moving consumer goods)<\/strong>\u201d.<\/p>\n","protected":false},"excerpt":{"rendered":"<p>El&nbsp;Indicador de Consumo&nbsp;(IC) de la C\u00e1mara Argentina de Comercio y Servicios (CAC) registr\u00f3 en marzo&nbsp;una ca\u00edda interanual del -1,3%, por debajo de la merma registrada en febrero, que hab\u00eda sido del -3,4%, de acuerdo con la evaluaci\u00f3n del INDEC. De este modo, para el&nbsp;indicador privado,&nbsp;la comparaci\u00f3n intermensual desestacionalizada mostr\u00f3&nbsp;un retroceso del &nbsp;-0,2% respecto de enero [&hellip;]<\/p>\n","protected":false},"author":2,"featured_media":55467,"comment_status":"closed","ping_status":"open","sticky":false,"template":"","format":"standard","meta":{"footnotes":""},"categories":[68,44],"tags":[],"class_list":["post-55466","post","type-post","status-publish","format-standard","has-post-thumbnail","hentry","category-destacada","category-economia"],"_links":{"self":[{"href":"https:\/\/clicdenoticias.com\/index.php\/wp-json\/wp\/v2\/posts\/55466","targetHints":{"allow":["GET"]}}],"collection":[{"href":"https:\/\/clicdenoticias.com\/index.php\/wp-json\/wp\/v2\/posts"}],"about":[{"href":"https:\/\/clicdenoticias.com\/index.php\/wp-json\/wp\/v2\/types\/post"}],"author":[{"embeddable":true,"href":"https:\/\/clicdenoticias.com\/index.php\/wp-json\/wp\/v2\/users\/2"}],"replies":[{"embeddable":true,"href":"https:\/\/clicdenoticias.com\/index.php\/wp-json\/wp\/v2\/comments?post=55466"}],"version-history":[{"count":1,"href":"https:\/\/clicdenoticias.com\/index.php\/wp-json\/wp\/v2\/posts\/55466\/revisions"}],"predecessor-version":[{"id":55468,"href":"https:\/\/clicdenoticias.com\/index.php\/wp-json\/wp\/v2\/posts\/55466\/revisions\/55468"}],"wp:featuredmedia":[{"embeddable":true,"href":"https:\/\/clicdenoticias.com\/index.php\/wp-json\/wp\/v2\/media\/55467"}],"wp:attachment":[{"href":"https:\/\/clicdenoticias.com\/index.php\/wp-json\/wp\/v2\/media?parent=55466"}],"wp:term":[{"taxonomy":"category","embeddable":true,"href":"https:\/\/clicdenoticias.com\/index.php\/wp-json\/wp\/v2\/categories?post=55466"},{"taxonomy":"post_tag","embeddable":true,"href":"https:\/\/clicdenoticias.com\/index.php\/wp-json\/wp\/v2\/tags?post=55466"}],"curies":[{"name":"wp","href":"https:\/\/api.w.org\/{rel}","templated":true}]}}