{"id":55490,"date":"2026-04-27T07:48:43","date_gmt":"2026-04-27T10:48:43","guid":{"rendered":"https:\/\/clicdenoticias.com\/?p=55490"},"modified":"2026-04-27T07:48:44","modified_gmt":"2026-04-27T10:48:44","slug":"senado-convoca-audiencia-publica-por-designacion-de-jueces-fiscales-y-defensores-16-postulantes-rendiran-examen","status":"publish","type":"post","link":"https:\/\/clicdenoticias.com\/index.php\/2026\/04\/27\/senado-convoca-audiencia-publica-por-designacion-de-jueces-fiscales-y-defensores-16-postulantes-rendiran-examen\/","title":{"rendered":"Senado convoca Audiencia P\u00fablica por designaci\u00f3n de jueces, fiscales y defensores: 16 postulantes rendir\u00e1n examen"},"content":{"rendered":"\n<p><strong>El Senado<\/strong>&nbsp;dar\u00e1 el puntapi\u00e9 inicial en el&nbsp;<strong>proceso de designaci\u00f3n de 78 jueces, defensores y fiscales<\/strong>, con la audiencia p\u00fablica que se efectuar\u00e1 el pr\u00f3ximo jueves, donde unos&nbsp;<strong>16 postulantes rendir\u00e1n examen ante los legisladores.<\/strong><\/p>\n\n\n\n<p>En una nueva tanda de designaciones, el Poder Ejecutivo sum\u00f3 30 nombres a la lista de aspirantes a vacantes judiciales. Una de las propuestas centrales es la continuidad de&nbsp;<strong>V\u00edctor Pesino en la C\u00e1mara Nacional de Apelaciones del Trabajo<\/strong>; el Gobierno busca que el magistrado permanezca en su cargo por un nuevo per\u00edodo de cinco a\u00f1os, superando el tope de edad jubilatoria<\/p>\n\n\n\n<p>Pesino y&nbsp;<strong>Mar\u00eda Dora Gonz\u00e1lez<\/strong>&nbsp;dejaron sin efecto la cautelar que hab\u00eda suspendido 82 art\u00edculos de la reforma laboral decretada por el juez&nbsp;<strong>Horacio Ojeda<\/strong>, seg\u00fan supo la&nbsp;<strong>Agencia Noticias Argentinas<\/strong>.<\/p>\n\n\n\n<p>Ahora los nuevos pliegos deben tener ingreso formal en una sesi\u00f3n de la&nbsp;<strong>C\u00e1mara de Senadores<\/strong>&nbsp;que posiblemente se realice el 6 de mayo, para que la&nbsp;<strong>Comisi\u00f3n de Acuerdo<\/strong>&nbsp;pueda avanzar en el tratamiento de esas propuestas, como lo hizo en el caso de la pr\u00f3rroga del mandato del padre del ministro de Justicia,&nbsp;<strong>Carlos Mahiques<\/strong>.<\/p>\n\n\n\n<p>Lo mismo ocurri\u00f3 en la sesi\u00f3n del 9 de abril, cuando el Senado otorg\u00f3 estado parlamentario a unos 78 pliegos enviados por el Gobierno para cubrir vacantes en el Poder Judicial,&nbsp;<strong>de los cuales 16 defender\u00e1n sus postulaciones en la audiencia de este jueves 30 de abril.&nbsp;<\/strong><\/p>\n\n\n\n<p>Ser\u00e1 la primera de las cuatro Audiencias P\u00fablicas que se efectuar\u00e1n entre el 30 de abril y el 13 de mayo, previo a que esos 78 pliegos se traten en el recinto de sesiones del Senado, que con mayor\u00eda simple votar\u00e1 la designaci\u00f3n de postulantes para el Poder Judicial.<\/p>\n\n\n\n<p>De todos modos, los pliegos que m\u00e1s atenci\u00f3n pol\u00edtica tendr\u00e1n se tratar\u00e1n en mayo, que es cuando expondr\u00e1n&nbsp;<strong>Emilio Rosatti<\/strong>, hijo del presidente de la Corte Suprema,&nbsp;<strong>Horacio Rosatti<\/strong>, para ocupar&nbsp;<strong>un cargo en un tribunal federal de juicio de la ciudad de Santa Fe.<\/strong><\/p>\n\n\n\n<p>En la segunda semana de dicho mes, tambi\u00e9n lo har\u00e1&nbsp;<strong>Mar\u00eda Julia Sosa<\/strong>, secretaria del juzgado de&nbsp;<strong>Juli\u00e1n Ercolini<\/strong>, el magistrado que instruy\u00f3 causas de alto perfil que involucraron a la ex presidenta&nbsp;<strong>Cristina Kirchner<\/strong>, como&nbsp;<strong>Vialidad<\/strong>&nbsp;y&nbsp;<strong>Hotesur-Los Sauces<\/strong>.<\/p>\n\n\n\n<p>Otro pliego que despierta el inter\u00e9s de los legisladores es el de&nbsp;<strong>Cristina Mar\u00eda Juan<\/strong>, esposa del juez Marcelo Mart\u00ednez Giorgi, que est\u00e1 a cargo del Caso Libra, para el juzgado de primera instancia de Hurlingham.<\/p>\n","protected":false},"excerpt":{"rendered":"<p>El Senado&nbsp;dar\u00e1 el puntapi\u00e9 inicial en el&nbsp;proceso de designaci\u00f3n de 78 jueces, defensores y fiscales, con la audiencia p\u00fablica que se efectuar\u00e1 el pr\u00f3ximo jueves, donde unos&nbsp;16 postulantes rendir\u00e1n examen ante los legisladores. En una nueva tanda de designaciones, el Poder Ejecutivo sum\u00f3 30 nombres a la lista de aspirantes a vacantes judiciales. Una de [&hellip;]<\/p>\n","protected":false},"author":2,"featured_media":55491,"comment_status":"closed","ping_status":"open","sticky":false,"template":"","format":"standard","meta":{"footnotes":""},"categories":[68,51],"tags":[],"class_list":["post-55490","post","type-post","status-publish","format-standard","has-post-thumbnail","hentry","category-destacada","category-provincias"],"_links":{"self":[{"href":"https:\/\/clicdenoticias.com\/index.php\/wp-json\/wp\/v2\/posts\/55490","targetHints":{"allow":["GET"]}}],"collection":[{"href":"https:\/\/clicdenoticias.com\/index.php\/wp-json\/wp\/v2\/posts"}],"about":[{"href":"https:\/\/clicdenoticias.com\/index.php\/wp-json\/wp\/v2\/types\/post"}],"author":[{"embeddable":true,"href":"https:\/\/clicdenoticias.com\/index.php\/wp-json\/wp\/v2\/users\/2"}],"replies":[{"embeddable":true,"href":"https:\/\/clicdenoticias.com\/index.php\/wp-json\/wp\/v2\/comments?post=55490"}],"version-history":[{"count":1,"href":"https:\/\/clicdenoticias.com\/index.php\/wp-json\/wp\/v2\/posts\/55490\/revisions"}],"predecessor-version":[{"id":55492,"href":"https:\/\/clicdenoticias.com\/index.php\/wp-json\/wp\/v2\/posts\/55490\/revisions\/55492"}],"wp:featuredmedia":[{"embeddable":true,"href":"https:\/\/clicdenoticias.com\/index.php\/wp-json\/wp\/v2\/media\/55491"}],"wp:attachment":[{"href":"https:\/\/clicdenoticias.com\/index.php\/wp-json\/wp\/v2\/media?parent=55490"}],"wp:term":[{"taxonomy":"category","embeddable":true,"href":"https:\/\/clicdenoticias.com\/index.php\/wp-json\/wp\/v2\/categories?post=55490"},{"taxonomy":"post_tag","embeddable":true,"href":"https:\/\/clicdenoticias.com\/index.php\/wp-json\/wp\/v2\/tags?post=55490"}],"curies":[{"name":"wp","href":"https:\/\/api.w.org\/{rel}","templated":true}]}}