{"id":55493,"date":"2026-04-27T07:50:34","date_gmt":"2026-04-27T10:50:34","guid":{"rendered":"https:\/\/clicdenoticias.com\/?p=55493"},"modified":"2026-04-27T07:50:37","modified_gmt":"2026-04-27T10:50:37","slug":"metrodelegados-levantaran-molinetes-en-reclamo-por-la-reincorporacion-de-una-empleada-que-denuncio-acoso-sexual","status":"publish","type":"post","link":"https:\/\/clicdenoticias.com\/index.php\/2026\/04\/27\/metrodelegados-levantaran-molinetes-en-reclamo-por-la-reincorporacion-de-una-empleada-que-denuncio-acoso-sexual\/","title":{"rendered":"Metrodelegados levantar\u00e1n molinetes en reclamo por la reincorporaci\u00f3n de una empleada que denunci\u00f3 acoso sexual"},"content":{"rendered":"\n<p>Los&nbsp;<strong>metrodelegados&nbsp;<\/strong>de la estaci\u00f3n&nbsp;<strong>Federico Lacroze<\/strong>&nbsp;de la<strong>&nbsp;L\u00ednea B<\/strong>&nbsp;levantar\u00e1n los molinetes, este lunes desde las 7.00hs., para reclaramar la reincorporaci\u00f3n de&nbsp;<strong>&nbsp;Araceli Pintos<\/strong>, una empleada de&nbsp;<strong>Emova<\/strong>, tras ser despedida por denunciar una situaci\u00f3n de acoso sexual en su trabajo.<\/p>\n\n\n\n<p>Esta protesta es llevada adelante por la&nbsp;<strong>Asociaci\u00f3n de Trabajadores del Subte y Premetro<\/strong>, junto con el<strong>&nbsp;Comit\u00e9 por la Reincorporaci\u00f3n de Araceli<\/strong>, integrado por diversas&nbsp;<strong>organizaciones sociales<\/strong>,&nbsp;<strong>pol\u00edticas&nbsp;<\/strong>y&nbsp;<strong>feministas&nbsp;<\/strong>que&nbsp;<strong>acompa\u00f1an a Pintos&nbsp;<\/strong>desde el momento de su<strong>&nbsp;desvinculaci\u00f3n.<\/strong><\/p>\n\n\n\n<p>Seg\u00fan el comunicado firmado por el referente gremial Claudio Dellecarbonara,&nbsp;<strong>Pintos denunci\u00f3 a un efectivo de la Polic\u00eda de la Ciudad, quien supuestamente acos\u00f3 a la empleada durante el cumplimiento de tareas<\/strong>, seguido de varios episodios de<strong>&nbsp;violencia laboral&nbsp;<\/strong>por parte de personal jer\u00e1rquico de Emova.<\/p>\n\n\n\n<p>\u201cContinuaremos peleando por la&nbsp;<strong>reincorporaci\u00f3n de Araceli&nbsp;<\/strong>y&nbsp;<strong>exigiendo&nbsp;<\/strong>que&nbsp;<strong>Emova&nbsp;<\/strong>deje de encubrir&nbsp;<strong>acosadores&nbsp;<\/strong>y&nbsp;<strong>violentos<\/strong>.<strong>&nbsp;<\/strong>Su despido fue&nbsp;<strong>persecutorio<\/strong>,&nbsp;<strong>ilegal&nbsp;<\/strong>y&nbsp;<strong>discriminatorio&nbsp;<\/strong>porque la empresa tom\u00f3 esa decisi\u00f3n como una represalia ante la denuncia presentada\u00bb, indica el texto.__IP__<\/p>\n\n\n\n<p>Este reclamo se suma al resto de los preexistentes, en los que se solicitan mejores<strong>&nbsp;condiciones&nbsp;<\/strong>de&nbsp;<strong>salubridad, seguridad&nbsp;<\/strong>y&nbsp;<strong>protocolos&nbsp;<\/strong>en casos de&nbsp;<strong>violencia de g\u00e9nero.<\/strong><\/p>\n\n\n\n<p>Para finalizar, los empleados remarcaron que si el&nbsp;<strong>pedido&nbsp;<\/strong>de&nbsp;<strong>reincorporaci\u00f3n&nbsp;<\/strong>no es ecuchado por la empresa concesionaria, posiblemente surjan<strong>&nbsp;medidas m\u00e1s directas y duraderas&nbsp;<\/strong>en el tiempo.&nbsp;<a href=\"https:\/\/noticiasargentinas.com\/-agenciana_t6916e70a4551e78eb9423f59\">#AgenciaNA<\/a>&nbsp;<\/p>\n","protected":false},"excerpt":{"rendered":"<p>Los&nbsp;metrodelegados&nbsp;de la estaci\u00f3n&nbsp;Federico Lacroze&nbsp;de la&nbsp;L\u00ednea B&nbsp;levantar\u00e1n los molinetes, este lunes desde las 7.00hs., para reclaramar la reincorporaci\u00f3n de&nbsp;&nbsp;Araceli Pintos, una empleada de&nbsp;Emova, tras ser despedida por denunciar una situaci\u00f3n de acoso sexual en su trabajo. Esta protesta es llevada adelante por la&nbsp;Asociaci\u00f3n de Trabajadores del Subte y Premetro, junto con el&nbsp;Comit\u00e9 por la Reincorporaci\u00f3n de [&hellip;]<\/p>\n","protected":false},"author":2,"featured_media":55494,"comment_status":"closed","ping_status":"open","sticky":false,"template":"","format":"standard","meta":{"footnotes":""},"categories":[45],"tags":[],"class_list":["post-55493","post","type-post","status-publish","format-standard","has-post-thumbnail","hentry","category-sociedad"],"_links":{"self":[{"href":"https:\/\/clicdenoticias.com\/index.php\/wp-json\/wp\/v2\/posts\/55493","targetHints":{"allow":["GET"]}}],"collection":[{"href":"https:\/\/clicdenoticias.com\/index.php\/wp-json\/wp\/v2\/posts"}],"about":[{"href":"https:\/\/clicdenoticias.com\/index.php\/wp-json\/wp\/v2\/types\/post"}],"author":[{"embeddable":true,"href":"https:\/\/clicdenoticias.com\/index.php\/wp-json\/wp\/v2\/users\/2"}],"replies":[{"embeddable":true,"href":"https:\/\/clicdenoticias.com\/index.php\/wp-json\/wp\/v2\/comments?post=55493"}],"version-history":[{"count":1,"href":"https:\/\/clicdenoticias.com\/index.php\/wp-json\/wp\/v2\/posts\/55493\/revisions"}],"predecessor-version":[{"id":55495,"href":"https:\/\/clicdenoticias.com\/index.php\/wp-json\/wp\/v2\/posts\/55493\/revisions\/55495"}],"wp:featuredmedia":[{"embeddable":true,"href":"https:\/\/clicdenoticias.com\/index.php\/wp-json\/wp\/v2\/media\/55494"}],"wp:attachment":[{"href":"https:\/\/clicdenoticias.com\/index.php\/wp-json\/wp\/v2\/media?parent=55493"}],"wp:term":[{"taxonomy":"category","embeddable":true,"href":"https:\/\/clicdenoticias.com\/index.php\/wp-json\/wp\/v2\/categories?post=55493"},{"taxonomy":"post_tag","embeddable":true,"href":"https:\/\/clicdenoticias.com\/index.php\/wp-json\/wp\/v2\/tags?post=55493"}],"curies":[{"name":"wp","href":"https:\/\/api.w.org\/{rel}","templated":true}]}}