{"id":5599,"date":"2021-08-17T09:02:20","date_gmt":"2021-08-17T12:02:20","guid":{"rendered":"https:\/\/clicdenoticias.com\/?p=5599"},"modified":"2021-08-17T09:02:21","modified_gmt":"2021-08-17T12:02:21","slug":"lammens-anticipo-la-vuelta-del-publico-a-los-estadios-de-futbol-para-fines-de-septiembre-o-principios-de-octubre","status":"publish","type":"post","link":"https:\/\/clicdenoticias.com\/index.php\/2021\/08\/17\/lammens-anticipo-la-vuelta-del-publico-a-los-estadios-de-futbol-para-fines-de-septiembre-o-principios-de-octubre\/","title":{"rendered":"LAMMENS ANTICIP\u00d3 LA VUELTA DEL P\u00daBLICO A LOS ESTADIOS DE F\u00daTBOL PARA \u00abFINES DE SEPTIEMBRE O PRINCIPIOS DE OCTUBRE\u00bb"},"content":{"rendered":"\n<p><strong>El ministro de Deportes y Turismo, Mat\u00edas Lammens, revel\u00f3 hoy que el Gobierno proyecta el retorno del p\u00fablico a los estadios de f\u00fatbol para \u00abfines de septiembre o principios de octubre\u00bb.<\/strong><\/p>\n\n\n\n<p>&nbsp; &nbsp;Ser\u00eda con un m\u00e1ximo del 30 por ciento de ocupaci\u00f3n de cada estadio de la Liga Profesional y el resto de las categor\u00edas.<\/p>\n\n\n\n<p>&nbsp;&nbsp; \u00abEn estos d\u00edas vamos a definir un cronograma sobre la vuelta del p\u00fablico a los estadios. Estamos muy cerca y trabajando con el Ministerio de Salud para poder confirmarlo en breve. Ser\u00eda para fines de septiembre o principio de octubre\u00bb, indic\u00f3 Lammens, en declaraciones televisivas.<\/p>\n\n\n\n<p>&nbsp;&nbsp; \u00abEn las charlas previas se habl\u00f3 de un aforo de 30%\u00bb, detall\u00f3 el Ministro, quien tiene un v\u00ednculo cercano con San Lorenzo y Marcelo Tinelli, presidente de la Liga Profesional.<\/p>\n\n\n\n<p>&nbsp;&nbsp; Lo que si aclar\u00f3 Lammens es que cuando retorne el p\u00fablico s\u00f3lo ser\u00e1 para los locales:&nbsp;\u00abEso ven\u00eda siendo as\u00ed y es una decisi\u00f3n que hoy no es prioritaria para tomar\u00bb.<\/p>\n\n\n\n<p>&nbsp;&nbsp; Las declaraciones del ex presidente de San Lorenzo fueron en sinton\u00eda con la ministra de Salud, Carla Vizzotti, quien d\u00edas atr\u00e1s hab\u00eda dado detalles de la fecha estimada para el regreso de los hinchas, aunque sin confirmaci\u00f3n:&nbsp;\u00abPara la segunda quincena de septiembre y la primera de octubre pensamos volver a analizar la situaci\u00f3n como para ver si podemos avanzar un pasito m\u00e1s en esa apertura sostenida\u00bb.<\/p>\n","protected":false},"excerpt":{"rendered":"<p>El ministro de Deportes y Turismo, Mat\u00edas Lammens, revel\u00f3 hoy que el Gobierno proyecta el retorno del p\u00fablico a los estadios de f\u00fatbol para \u00abfines de septiembre o principios de octubre\u00bb. &nbsp; &nbsp;Ser\u00eda con un m\u00e1ximo del 30 por ciento de ocupaci\u00f3n de cada estadio de la Liga Profesional y el resto de las categor\u00edas. [&hellip;]<\/p>\n","protected":false},"author":2,"featured_media":5600,"comment_status":"open","ping_status":"open","sticky":false,"template":"","format":"standard","meta":{"footnotes":""},"categories":[45],"tags":[],"class_list":["post-5599","post","type-post","status-publish","format-standard","has-post-thumbnail","hentry","category-sociedad"],"_links":{"self":[{"href":"https:\/\/clicdenoticias.com\/index.php\/wp-json\/wp\/v2\/posts\/5599","targetHints":{"allow":["GET"]}}],"collection":[{"href":"https:\/\/clicdenoticias.com\/index.php\/wp-json\/wp\/v2\/posts"}],"about":[{"href":"https:\/\/clicdenoticias.com\/index.php\/wp-json\/wp\/v2\/types\/post"}],"author":[{"embeddable":true,"href":"https:\/\/clicdenoticias.com\/index.php\/wp-json\/wp\/v2\/users\/2"}],"replies":[{"embeddable":true,"href":"https:\/\/clicdenoticias.com\/index.php\/wp-json\/wp\/v2\/comments?post=5599"}],"version-history":[{"count":1,"href":"https:\/\/clicdenoticias.com\/index.php\/wp-json\/wp\/v2\/posts\/5599\/revisions"}],"predecessor-version":[{"id":5601,"href":"https:\/\/clicdenoticias.com\/index.php\/wp-json\/wp\/v2\/posts\/5599\/revisions\/5601"}],"wp:featuredmedia":[{"embeddable":true,"href":"https:\/\/clicdenoticias.com\/index.php\/wp-json\/wp\/v2\/media\/5600"}],"wp:attachment":[{"href":"https:\/\/clicdenoticias.com\/index.php\/wp-json\/wp\/v2\/media?parent=5599"}],"wp:term":[{"taxonomy":"category","embeddable":true,"href":"https:\/\/clicdenoticias.com\/index.php\/wp-json\/wp\/v2\/categories?post=5599"},{"taxonomy":"post_tag","embeddable":true,"href":"https:\/\/clicdenoticias.com\/index.php\/wp-json\/wp\/v2\/tags?post=5599"}],"curies":[{"name":"wp","href":"https:\/\/api.w.org\/{rel}","templated":true}]}}