{"id":5709,"date":"2021-08-19T14:44:35","date_gmt":"2021-08-19T17:44:35","guid":{"rendered":"https:\/\/clicdenoticias.com\/?p=5709"},"modified":"2021-08-19T14:44:37","modified_gmt":"2021-08-19T17:44:37","slug":"kulfas-no-cree-posible-que-se-pueda-reducir-la-jornada-laboral","status":"publish","type":"post","link":"https:\/\/clicdenoticias.com\/index.php\/2021\/08\/19\/kulfas-no-cree-posible-que-se-pueda-reducir-la-jornada-laboral\/","title":{"rendered":"KULFAS NO CREE POSIBLE QUE SE PUEDA REDUCIR LA JORNADA LABORAL"},"content":{"rendered":"\n<p><strong>El ministro de Desarrollo Productivo, Mat\u00edas Kulfas, consider\u00f3 hoy que en la Argentina \u00abno es posible\u00bb reducir la jornada laboral con igual salario, ya que las pymes no estar\u00edan en condiciones de aplicar esa medida.<\/strong><\/p>\n\n\n\n<p>&nbsp; &nbsp;\u00abEn t\u00e9rminos conceptuales, bienvenido sea trabajar menos y tener una vida m\u00e1s pl\u00e1cida. Pero este es un contexto muy dif\u00edcil de la Argentina. Bajar la jornada laboral de 8 a 6 horas equivale a aumentar el salario horario m\u00e1s o menos un 33%. Y hay pymes que no est\u00e1n en condiciones de afrontar esos costos\u00bb, se\u00f1al\u00f3 el funcionario.<\/p>\n\n\n\n<p>&nbsp;&nbsp; Kulfas indic\u00f3: \u00abEn muchos de los pa\u00edses en los que se estaba implementando, hab\u00eda una reducci\u00f3n de la jornada laboral con una reducci\u00f3n del salario. Esto es lo impensable ac\u00e1. La Argentina no tiene salarios altos como para pensar en trabajar un poco menos y ganar un poco menos\u00bb.<\/p>\n\n\n\n<p>&nbsp;&nbsp; \u00abEn la Argentina tenemos salarios bajos muy golpeados, con lo cual reducir la jornada laboral eso no es posible\u00bb, sentenci\u00f3 el ministro, en declaraciones radiales.<\/p>\n\n\n\n<p>&nbsp;&nbsp; Adem\u00e1s, advirti\u00f3: \u00abEl riesgo que se corre de hacer algo as\u00ed, a los golpes, es que se traslade ese costo laboral a precios, que haya m\u00e1s inflaci\u00f3n. Si sale bien, habr\u00eda un poco m\u00e1s de empleo con salarios m\u00e1s bajos\u00bb.<\/p>\n\n\n\n<p>&nbsp;&nbsp; Para Kulfas, en este momento: \u00abTenemos problemas macroecon\u00f3micos que resolver, pero vamos por el buen camino\u00bb.<\/p>\n\n\n\n<p>&nbsp;&nbsp; La reducci\u00f3n de la jornada laboral fue planteada en los \u00faltimos d\u00edas por sectores del oficialismo: por caso, el precandidato a diputado nacional por el Frente de Todos Sergio Palazzo, dijo que se trata de una tendencia \u00abque est\u00e1 sucediendo en el mundo\u00bb.<\/p>\n\n\n\n<p>&nbsp;&nbsp; Pero el presidente de la Uni\u00f3n Industrial Argentina (UIA), Daniel Funes de Rioja, se mostr\u00f3 en contra y advirti\u00f3 que \u00ablo que la Argentina necesita es m\u00e1s empleo, m\u00e1s producci\u00f3n, m\u00e1s productividad y empleabilidad. Esto no se resuelve repartiendo el trabajo formal que hoy existe, sino generando m\u00e1s y mejor trabajo\u00bb.<\/p>\n\n\n\n<p>&nbsp;&nbsp; Un reciente informe de la Bolsa de Comercio de C\u00f3rdoba sostuvo que quienes apoyan esta postura \u00abargumentan incorrectamente\u00bb que la jornada laboral en el pa\u00eds es de las m\u00e1s extensas de la regi\u00f3n.<\/p>\n\n\n\n<p>&nbsp;&nbsp; \u00abSeg\u00fan los datos oficiales de este a\u00f1o, la jornada laboral efectiva promedio es de 36 horas semanales entre asalariados formales del sector privado. Y s\u00f3lo el 25% de esas personas trabaja al menos 48 horas. La Argentina es el segundo pa\u00eds del continente con menos horas trabajadas, detr\u00e1s de Uruguay\u00bb, seg\u00fan el estudio de esa instituci\u00f3n.<\/p>\n\n\n\n<p>&nbsp;&nbsp; La Bolsa cordobesa asegur\u00f3 que \u00ablos pa\u00edses que bajaron las horas trabajadas lo hicieron luego de haberse desarrollado, con crecimiento econ\u00f3mico y de la productividad sostenidos\u00bb.<\/p>\n","protected":false},"excerpt":{"rendered":"<p>El ministro de Desarrollo Productivo, Mat\u00edas Kulfas, consider\u00f3 hoy que en la Argentina \u00abno es posible\u00bb reducir la jornada laboral con igual salario, ya que las pymes no estar\u00edan en condiciones de aplicar esa medida. &nbsp; &nbsp;\u00abEn t\u00e9rminos conceptuales, bienvenido sea trabajar menos y tener una vida m\u00e1s pl\u00e1cida. Pero este es un contexto muy [&hellip;]<\/p>\n","protected":false},"author":2,"featured_media":5710,"comment_status":"open","ping_status":"open","sticky":false,"template":"","format":"standard","meta":{"footnotes":""},"categories":[46],"tags":[48],"class_list":["post-5709","post","type-post","status-publish","format-standard","has-post-thumbnail","hentry","category-gremial","tag-destacada"],"_links":{"self":[{"href":"https:\/\/clicdenoticias.com\/index.php\/wp-json\/wp\/v2\/posts\/5709","targetHints":{"allow":["GET"]}}],"collection":[{"href":"https:\/\/clicdenoticias.com\/index.php\/wp-json\/wp\/v2\/posts"}],"about":[{"href":"https:\/\/clicdenoticias.com\/index.php\/wp-json\/wp\/v2\/types\/post"}],"author":[{"embeddable":true,"href":"https:\/\/clicdenoticias.com\/index.php\/wp-json\/wp\/v2\/users\/2"}],"replies":[{"embeddable":true,"href":"https:\/\/clicdenoticias.com\/index.php\/wp-json\/wp\/v2\/comments?post=5709"}],"version-history":[{"count":1,"href":"https:\/\/clicdenoticias.com\/index.php\/wp-json\/wp\/v2\/posts\/5709\/revisions"}],"predecessor-version":[{"id":5711,"href":"https:\/\/clicdenoticias.com\/index.php\/wp-json\/wp\/v2\/posts\/5709\/revisions\/5711"}],"wp:featuredmedia":[{"embeddable":true,"href":"https:\/\/clicdenoticias.com\/index.php\/wp-json\/wp\/v2\/media\/5710"}],"wp:attachment":[{"href":"https:\/\/clicdenoticias.com\/index.php\/wp-json\/wp\/v2\/media?parent=5709"}],"wp:term":[{"taxonomy":"category","embeddable":true,"href":"https:\/\/clicdenoticias.com\/index.php\/wp-json\/wp\/v2\/categories?post=5709"},{"taxonomy":"post_tag","embeddable":true,"href":"https:\/\/clicdenoticias.com\/index.php\/wp-json\/wp\/v2\/tags?post=5709"}],"curies":[{"name":"wp","href":"https:\/\/api.w.org\/{rel}","templated":true}]}}