{"id":5712,"date":"2021-08-19T14:53:46","date_gmt":"2021-08-19T17:53:46","guid":{"rendered":"https:\/\/clicdenoticias.com\/?p=5712"},"modified":"2021-08-19T14:53:47","modified_gmt":"2021-08-19T17:53:47","slug":"la-jubilacion-cabeza-a-cabeza-con-la-inflacion-en-2021-segun-informe-privado-le-ganaria-por-una-decima","status":"publish","type":"post","link":"https:\/\/clicdenoticias.com\/index.php\/2021\/08\/19\/la-jubilacion-cabeza-a-cabeza-con-la-inflacion-en-2021-segun-informe-privado-le-ganaria-por-una-decima\/","title":{"rendered":"LA JUBILACI\u00d3N, CABEZA A CABEZA CON LA INFLACI\u00d3N EN 2021: SEG\u00daN INFORME PRIVADO, LE GANAR\u00cdA POR UNA D\u00c9CIMA"},"content":{"rendered":"\n<p><strong>La carrera entre las jubilaciones y la inflaci\u00f3n se mantendr\u00eda pareja para los primeros nueve meses del a\u00f1o, ya que el incremento de las primeras ser\u00e1 del 36,2%, en tanto las proyecciones para los precios minoristas se ubican en un 36,1%.<\/strong><\/p>\n\n\n\n<p>&nbsp; &nbsp;Un informe del Centro de Econom\u00eda Pol\u00edtica Argentina (CEPA) precis\u00f3 que los haberes previsionales tendr\u00e1n en el tercer trimestre una mejora del 3,5%, o bien de 3,8 puntos porcentuales, y de esa manera se recuperar\u00e1n del retraso acumulado en el primer semestre.<\/p>\n\n\n\n<p>&nbsp;&nbsp; Esa p\u00e9rdida frente a la inflaci\u00f3n se concentr\u00f3 en la primera de las actualizaciones dispuestas por la ley de Movilidad (la aplicada en marzo), que se compens\u00f3 parcialmente con una mejora en el segundo ajuste de junio.<\/p>\n\n\n\n<p>&nbsp;&nbsp; En el primer trimestre, la actualizaci\u00f3n de las jubilaciones y otros beneficios previsionales fue de 8,07%, en tanto la inflaci\u00f3n fue del 12,9%, mientras que en el per\u00edodo abril-junio los incrementos fueron de 12,12% y 11%, respectivamente.<\/p>\n\n\n\n<p>&nbsp;&nbsp; La entidad destac\u00f3 que el 12,39% de actualizaci\u00f3n anunciado para septiembre \u00abse encuentra por encima de las expectativas de inflaci\u00f3n para el per\u00edodo julio-septiembre, comparable con el per\u00edodo alcanzado por la movilidad\u00bb.<\/p>\n\n\n\n<p>&nbsp;&nbsp; Al respecto, CEPA precis\u00f3 que \u00abla inflaci\u00f3n estimada en el Relevamiento de Expectativas de Mercado del Banco Central (REM) del per\u00edodo mencionado (julio a septiembre, considerando que la mejora compensa la inflaci\u00f3n pasada) suma 8,6%, es decir, casi 4 puntos porcentuales menos que la movilidad\u00bb.<\/p>\n\n\n\n<p>&nbsp;&nbsp; \u00abEstos guarismos implican una recuperaci\u00f3n real de las jubilaciones, pensiones, AUH y dem\u00e1s para el trimestre de 3,5%\u00bb, remarc\u00f3.<\/p>\n\n\n\n<p>&nbsp;&nbsp; De esa forma, en el acumulado de los nueve meses las jubilaciones le ganar\u00edan por una d\u00e9cima a los precios si es que se cumple con la previsi\u00f3n del REM.<\/p>\n\n\n\n<p>&nbsp;&nbsp; CEPA advirti\u00f3 que a\u00fan es \u00abprematuro\u00bb pronosticar qu\u00e9 ocurrir\u00e1 con la cuarta y \u00faltima actualizaci\u00f3n trimestral del a\u00f1o que se aplicar\u00e1 en diciembre.<\/p>\n\n\n\n<p>&nbsp;&nbsp; No obstante, adelant\u00f3 que \u00abse estima que la f\u00f3rmula para la actualizaci\u00f3n de diciembre tambi\u00e9n podr\u00eda tener un muy buen desempe\u00f1o, considerando que la reapertura salarial afectar\u00eda positivamente sobre los indicadores de salario y la reactivaci\u00f3n hacer lo propio sobre el indicador de recaudaci\u00f3n\u00bb, las dos variables que se tienen en cuenta en la ley de Movilidad.<\/p>\n\n\n\n<p>&nbsp;&nbsp; Por otra parte, el centro de estudios record\u00f3 que, adem\u00e1s de las actualizaciones, hubo dos bonos de $1.500 en abril y mayo y otro de $5.000 en agosto para las franjas de menores ingresos jubilatorios.<\/p>\n\n\n\n<p>&nbsp;&nbsp; Desde principios de 2019, en el tramo final de la Presidencia de Mauricio Macri, hasta el presente, la jubilaci\u00f3n m\u00ednima \u00abse mantiene relativamente estable, con los saltos relacionados con el impacto de los bonos respectivos\u00bb, indic\u00f3 CEPA, que resalt\u00f3 que \u00abno se recuperan a\u00fan los valores perdidos durante los 4 a\u00f1os de gesti\u00f3n de Cambiemos, pero las jubilaciones no pierden contra la inflaci\u00f3n.<\/p>\n\n\n\n<p>&nbsp;&nbsp; Asimismo, sostuvo que \u00absi se comparan los \u00edndices de movilidad con la f\u00f3rmula anterior y los resultantes de la aplicaci\u00f3n de la ley actual, se observa un mejor desempe\u00f1o de la reciente norma\u00bb, un argumento que ya hab\u00eda destacado la ANSeS.<\/p>\n\n\n\n<p>&nbsp;&nbsp; Al respecto, indic\u00f3 que en caso de haberse mantenido la f\u00f3rmula votada a finales de 2017 (70% inflaci\u00f3n 70% y 30% salarios), la actualizaci\u00f3n de las jubilaciones en los primeros nueve meses hubiese sido de 33,6%, en vez del 36,2% de la ley vigente. .<\/p>\n\n\n\n<p>&nbsp;&nbsp; \u00abAdicionalmente, en la estimaci\u00f3n para todo el 2021, la f\u00f3rmula anterior alcanzar\u00eda 45%, mientras que la actual se encontrar\u00e1 cerca de 50%\u00bb, finaliz\u00f3.<\/p>\n","protected":false},"excerpt":{"rendered":"<p>La carrera entre las jubilaciones y la inflaci\u00f3n se mantendr\u00eda pareja para los primeros nueve meses del a\u00f1o, ya que el incremento de las primeras ser\u00e1 del 36,2%, en tanto las proyecciones para los precios minoristas se ubican en un 36,1%. &nbsp; &nbsp;Un informe del Centro de Econom\u00eda Pol\u00edtica Argentina (CEPA) precis\u00f3 que los haberes [&hellip;]<\/p>\n","protected":false},"author":2,"featured_media":322,"comment_status":"open","ping_status":"open","sticky":false,"template":"","format":"standard","meta":{"footnotes":""},"categories":[44],"tags":[],"class_list":["post-5712","post","type-post","status-publish","format-standard","has-post-thumbnail","hentry","category-economia"],"_links":{"self":[{"href":"https:\/\/clicdenoticias.com\/index.php\/wp-json\/wp\/v2\/posts\/5712","targetHints":{"allow":["GET"]}}],"collection":[{"href":"https:\/\/clicdenoticias.com\/index.php\/wp-json\/wp\/v2\/posts"}],"about":[{"href":"https:\/\/clicdenoticias.com\/index.php\/wp-json\/wp\/v2\/types\/post"}],"author":[{"embeddable":true,"href":"https:\/\/clicdenoticias.com\/index.php\/wp-json\/wp\/v2\/users\/2"}],"replies":[{"embeddable":true,"href":"https:\/\/clicdenoticias.com\/index.php\/wp-json\/wp\/v2\/comments?post=5712"}],"version-history":[{"count":1,"href":"https:\/\/clicdenoticias.com\/index.php\/wp-json\/wp\/v2\/posts\/5712\/revisions"}],"predecessor-version":[{"id":5713,"href":"https:\/\/clicdenoticias.com\/index.php\/wp-json\/wp\/v2\/posts\/5712\/revisions\/5713"}],"wp:featuredmedia":[{"embeddable":true,"href":"https:\/\/clicdenoticias.com\/index.php\/wp-json\/wp\/v2\/media\/322"}],"wp:attachment":[{"href":"https:\/\/clicdenoticias.com\/index.php\/wp-json\/wp\/v2\/media?parent=5712"}],"wp:term":[{"taxonomy":"category","embeddable":true,"href":"https:\/\/clicdenoticias.com\/index.php\/wp-json\/wp\/v2\/categories?post=5712"},{"taxonomy":"post_tag","embeddable":true,"href":"https:\/\/clicdenoticias.com\/index.php\/wp-json\/wp\/v2\/tags?post=5712"}],"curies":[{"name":"wp","href":"https:\/\/api.w.org\/{rel}","templated":true}]}}