{"id":5722,"date":"2021-08-20T08:51:12","date_gmt":"2021-08-20T11:51:12","guid":{"rendered":"https:\/\/clicdenoticias.com\/?p=5722"},"modified":"2021-08-20T08:51:13","modified_gmt":"2021-08-20T11:51:13","slug":"el-gobierno-oficializaria-el-fin-de-semana-el-embarazo-de-fabiola-yanez","status":"publish","type":"post","link":"https:\/\/clicdenoticias.com\/index.php\/2021\/08\/20\/el-gobierno-oficializaria-el-fin-de-semana-el-embarazo-de-fabiola-yanez\/","title":{"rendered":"EL GOBIERNO OFICIALIZAR\u00cdA \u00abEL FIN DE SEMANA\u00bb EL EMBARAZO DE FABIOLA YA\u00d1EZ"},"content":{"rendered":"\n<p><strong>El Gobierno nacional oficializar\u00eda \u00abel fin de semana\u00bb el embarazo de la primera dama Fabiola Ya\u00f1ez, tras los rumores que comenzaron a generarse luego de una insinuante fotograf\u00eda que public\u00f3 en sus redes sociales.<\/strong><\/p>\n\n\n\n<p>&nbsp; &nbsp;As\u00ed lo anticiparon a NA fuentes de la Casa Rosada, que precisaron que el anuncio \u00abseguramente se se realizar\u00e1 con un posteo\u00bb en la cuenta personal de la primera dama en la red social Instagram.<\/p>\n\n\n\n<p>&nbsp;&nbsp; \u00abLa oficializaci\u00f3n de la noticia se va a realizar el fin de semana\u00bb, resaltaron a Noticias Argentinas fuentes con despacho en Balcarce 50.<\/p>\n\n\n\n<p>&nbsp;&nbsp; En ese marco, indicaron que la idea es \u00abesperar al fin de semana para dar a conocer la noticia\u00bb, por lo que desde el equipo de comunicaci\u00f3n de Ya\u00f1ez respondieron a esta agencia que por el momento no contaban con \u00abinformaci\u00f3n oficial\u00bb al respecto.<\/p>\n\n\n\n<p>&nbsp;&nbsp; Desde el \u00e1rea de comunicaci\u00f3n de la Presidencia, diversas fuentes dijeron no saber respecto de la noticia del embarazo de la primera dama, mientras que una alta fuente del Ejecutivo nacional subray\u00f3: \u00abNo lo s\u00e9, el Presidente no me lo cont\u00f3\u00bb.<\/p>\n\n\n\n<p>&nbsp;&nbsp; En esa l\u00ednea, diversas fuentes del \u00e1rea de comunicaci\u00f3n presidencial se encargaron de no desmentir ni confirmar la noticia, con el prop\u00f3sito de seguir la estrategia establecida para su comunicaci\u00f3n oficial.<\/p>\n\n\n\n<p>&nbsp;&nbsp; El rumor en torno al embarazo de la primera dama se gest\u00f3 en la noche del pasado s\u00e1bado, cuando Ya\u00f1ez public\u00f3 en su cuenta de Instagram una fotograf\u00eda en la que se la pod\u00eda observar sentada y toc\u00e1ndose la panza de manera sugestiva.<\/p>\n\n\n\n<p>&nbsp;&nbsp; La fotograf\u00eda fue tomada durante una actividad que la primera dama comparti\u00f3 con el jefe de Estado en la provincia de Misiones, con el prop\u00f3sito de anunciar el lanzamiento de la segunda edici\u00f3n del programa de est\u00edmulo al turismo PreViaje.<\/p>\n","protected":false},"excerpt":{"rendered":"<p>El Gobierno nacional oficializar\u00eda \u00abel fin de semana\u00bb el embarazo de la primera dama Fabiola Ya\u00f1ez, tras los rumores que comenzaron a generarse luego de una insinuante fotograf\u00eda que public\u00f3 en sus redes sociales. &nbsp; &nbsp;As\u00ed lo anticiparon a NA fuentes de la Casa Rosada, que precisaron que el anuncio \u00abseguramente se se realizar\u00e1 con [&hellip;]<\/p>\n","protected":false},"author":2,"featured_media":5723,"comment_status":"open","ping_status":"open","sticky":false,"template":"","format":"standard","meta":{"footnotes":""},"categories":[43],"tags":[],"class_list":["post-5722","post","type-post","status-publish","format-standard","has-post-thumbnail","hentry","category-politica"],"_links":{"self":[{"href":"https:\/\/clicdenoticias.com\/index.php\/wp-json\/wp\/v2\/posts\/5722","targetHints":{"allow":["GET"]}}],"collection":[{"href":"https:\/\/clicdenoticias.com\/index.php\/wp-json\/wp\/v2\/posts"}],"about":[{"href":"https:\/\/clicdenoticias.com\/index.php\/wp-json\/wp\/v2\/types\/post"}],"author":[{"embeddable":true,"href":"https:\/\/clicdenoticias.com\/index.php\/wp-json\/wp\/v2\/users\/2"}],"replies":[{"embeddable":true,"href":"https:\/\/clicdenoticias.com\/index.php\/wp-json\/wp\/v2\/comments?post=5722"}],"version-history":[{"count":1,"href":"https:\/\/clicdenoticias.com\/index.php\/wp-json\/wp\/v2\/posts\/5722\/revisions"}],"predecessor-version":[{"id":5724,"href":"https:\/\/clicdenoticias.com\/index.php\/wp-json\/wp\/v2\/posts\/5722\/revisions\/5724"}],"wp:featuredmedia":[{"embeddable":true,"href":"https:\/\/clicdenoticias.com\/index.php\/wp-json\/wp\/v2\/media\/5723"}],"wp:attachment":[{"href":"https:\/\/clicdenoticias.com\/index.php\/wp-json\/wp\/v2\/media?parent=5722"}],"wp:term":[{"taxonomy":"category","embeddable":true,"href":"https:\/\/clicdenoticias.com\/index.php\/wp-json\/wp\/v2\/categories?post=5722"},{"taxonomy":"post_tag","embeddable":true,"href":"https:\/\/clicdenoticias.com\/index.php\/wp-json\/wp\/v2\/tags?post=5722"}],"curies":[{"name":"wp","href":"https:\/\/api.w.org\/{rel}","templated":true}]}}