{"id":5878,"date":"2021-08-24T13:46:43","date_gmt":"2021-08-24T16:46:43","guid":{"rendered":"https:\/\/clicdenoticias.com\/?p=5878"},"modified":"2021-08-24T13:46:44","modified_gmt":"2021-08-24T16:46:44","slug":"pata-medina-nuevamente-eje-de-una-polemica-encabezo-una-actividad-sindical-pese-a-que-lo-tiene-prohibido","status":"publish","type":"post","link":"https:\/\/clicdenoticias.com\/index.php\/2021\/08\/24\/pata-medina-nuevamente-eje-de-una-polemica-encabezo-una-actividad-sindical-pese-a-que-lo-tiene-prohibido\/","title":{"rendered":"\u00abPATA\u00bb MEDINA, NUEVAMENTE EJE DE UNA POL\u00c9MICA: ENCABEZ\u00d3 UNA ACTIVIDAD SINDICAL, PESE A QUE LO TIENE PROHIBIDO"},"content":{"rendered":"\n<p><strong>El ex secretario general de la seccional La Plata de la UOCRA Juan Pablo \u00abPata\u00bb Medina volvi\u00f3 a protagonizar una pol\u00e9mica, ya que encabez\u00f3 una reuni\u00f3n sindical pese a que tiene prohibido hacerlo.<\/strong><\/p>\n\n\n\n<p>&nbsp; &nbsp;El sindicalista particip\u00f3 de un multitudinario acto en la ciudad de las diagonales, a pesar de las restricciones que le impuso la Justicia luego de ser excarcelado en febrero pasado.<\/p>\n\n\n\n<p>&nbsp;&nbsp; El fiscal Marcelo Romero advirti\u00f3 que \u00abno es la primera vez\u00bb que Medina realiza actividades ligadas a su rol en la UOCRA platense y subray\u00f3 que \u00abviola permanentemente las disposiciones legales\u00bb.<\/p>\n\n\n\n<p>&nbsp;&nbsp; \u00abA Medina y su gente le importa muy poco la ley\u00bb, se quej\u00f3 el integrante del Ministerio P\u00fablico, quien agreg\u00f3: \u00abLo que m\u00e1s me molesta es que estos guapos siglo XXI cuando la Justicia llega a ellos son los primeros que lloran como terneros mamones con sus familias y lloran frente a la Fiscal\u00eda y ah\u00ed uno ve que no son tan guapos y no se hacen cargo de sus actos\u00bb.<\/p>\n\n\n\n<p>&nbsp;&nbsp; El Tribunal Oral Federal N\u00b0 2 de La Plata le hab\u00eda fijado a Medina la \u00abprohibici\u00f3n de desplegar cualquier actividad gremial\u00bb como condici\u00f3n para otorgarle la libertad anticipada, aunque sigue procesado.<\/p>\n\n\n\n<p>&nbsp;&nbsp; Respecto al acto que encabez\u00f3 en La Plata, Romero calific\u00f3 al hecho como \u00abuna violaci\u00f3n a las reglas de conducta\u00bb que debe cumplir a \u00abrajatablas bajo la pena de volver a ser encarcelado o prisi\u00f3n domiciliaria\u00bb, seg\u00fan decidan los magistrados, y consider\u00f3 que \u00abse deber\u00eda actuar de oficio\u00bb.<\/p>\n\n\n\n<p>&nbsp;&nbsp; \u00abHoy, lunes 23 de agosto, a las 18 desde la Agrupaci\u00f3n Pol\u00edtica 22 de Enero y en unidad con el frente de Agrupaciones Unidas, vamos a hacer una asamblea donde sellaremos de una vez por todas el destino de los miles de trabajadores y trabajadoras.<\/p>\n\n\n\n<p>Hoy no es un d\u00eda m\u00e1s, hoy es un d\u00eda que va a quedar grabado en cada uno de nuestros corazones\u00bb, dec\u00eda la convocatoria publicada por el \u00abPata\u00bb Medina en sus redes sociales.<\/p>\n\n\n\n<p>&nbsp;&nbsp; Al respecto, el abogado del sindicalista, C\u00e9sar Albarrac\u00edn, afirm\u00f3 que su cliente \u00abest\u00e1 excarcelado desde febrero de este a\u00f1o y siempre cumpli\u00f3 todas las medidas y limitaciones que le impuso el tribunal\u00bb y se\u00f1al\u00f3 que \u00abno se ha presentado a ning\u00fan cargo\u00bb en la UOCRA.<\/p>\n\n\n\n<p>&nbsp;&nbsp; \u00abFuera de eso, no tiene otra restricci\u00f3n, salvo salir del pa\u00eds. Como cualquier ciudadano, puede realizar una manifestaci\u00f3n, un acto pol\u00edtico o expresarse, como lo hizo ayer, porque no est\u00e1 ni podr\u00eda estar prohibido de ninguna manera\u00bb, plante\u00f3 el letrado, quien agreg\u00f3: \u00abEsta restricci\u00f3n espec\u00edfica (de no poder participar de actividades sindicales) la estamos cuestionando\u00bb tanto en tribunales nacionales como en la Comisi\u00f3n Interamericana de Derechos Humanos.<\/p>\n","protected":false},"excerpt":{"rendered":"<p>El ex secretario general de la seccional La Plata de la UOCRA Juan Pablo \u00abPata\u00bb Medina volvi\u00f3 a protagonizar una pol\u00e9mica, ya que encabez\u00f3 una reuni\u00f3n sindical pese a que tiene prohibido hacerlo. &nbsp; &nbsp;El sindicalista particip\u00f3 de un multitudinario acto en la ciudad de las diagonales, a pesar de las restricciones que le impuso [&hellip;]<\/p>\n","protected":false},"author":2,"featured_media":5879,"comment_status":"open","ping_status":"open","sticky":false,"template":"","format":"standard","meta":{"footnotes":""},"categories":[46],"tags":[],"class_list":["post-5878","post","type-post","status-publish","format-standard","has-post-thumbnail","hentry","category-gremial"],"_links":{"self":[{"href":"https:\/\/clicdenoticias.com\/index.php\/wp-json\/wp\/v2\/posts\/5878","targetHints":{"allow":["GET"]}}],"collection":[{"href":"https:\/\/clicdenoticias.com\/index.php\/wp-json\/wp\/v2\/posts"}],"about":[{"href":"https:\/\/clicdenoticias.com\/index.php\/wp-json\/wp\/v2\/types\/post"}],"author":[{"embeddable":true,"href":"https:\/\/clicdenoticias.com\/index.php\/wp-json\/wp\/v2\/users\/2"}],"replies":[{"embeddable":true,"href":"https:\/\/clicdenoticias.com\/index.php\/wp-json\/wp\/v2\/comments?post=5878"}],"version-history":[{"count":1,"href":"https:\/\/clicdenoticias.com\/index.php\/wp-json\/wp\/v2\/posts\/5878\/revisions"}],"predecessor-version":[{"id":5880,"href":"https:\/\/clicdenoticias.com\/index.php\/wp-json\/wp\/v2\/posts\/5878\/revisions\/5880"}],"wp:featuredmedia":[{"embeddable":true,"href":"https:\/\/clicdenoticias.com\/index.php\/wp-json\/wp\/v2\/media\/5879"}],"wp:attachment":[{"href":"https:\/\/clicdenoticias.com\/index.php\/wp-json\/wp\/v2\/media?parent=5878"}],"wp:term":[{"taxonomy":"category","embeddable":true,"href":"https:\/\/clicdenoticias.com\/index.php\/wp-json\/wp\/v2\/categories?post=5878"},{"taxonomy":"post_tag","embeddable":true,"href":"https:\/\/clicdenoticias.com\/index.php\/wp-json\/wp\/v2\/tags?post=5878"}],"curies":[{"name":"wp","href":"https:\/\/api.w.org\/{rel}","templated":true}]}}