{"id":59682,"date":"2026-09-03T07:49:00","date_gmt":"2026-09-03T10:49:00","guid":{"rendered":"https:\/\/clicdenoticias.com\/?p=59682"},"modified":"2026-09-01T17:46:39","modified_gmt":"2026-09-01T20:46:39","slug":"el-lugar-de-la-patrona-de-la-argentina","status":"publish","type":"post","link":"https:\/\/clicdenoticias.com\/index.php\/2026\/09\/03\/el-lugar-de-la-patrona-de-la-argentina\/","title":{"rendered":"El Lugar De La Patrona De La Argentina"},"content":{"rendered":"\n<h3 class=\"wp-block-heading\"><strong>Espiritualidad, sabores y vida pampeana<\/strong><\/h3>\n\n\n\n<hr class=\"wp-block-separator has-alpha-channel-opacity\"\/>\n\n\n\n<p class=\"wp-block-paragraph\">Pensado para quienes buscan sumergirse en la esencia bonaerense: pueblos con historia, experiencias rurales, sabores criollos y la espiritualidad del sitio que alberga a la Virgen de Luj\u00e1n, patrona de la Argentina. A solo una hora de la Ciudad de Buenos Aires, este viaje de tres d\u00edas por Exaltaci\u00f3n de la Cruz y Luj\u00e1n invita a descubrir tradiciones vivas y paisajes que enamoran.<br>&nbsp;<\/p>\n\n\n\n<hr class=\"wp-block-separator has-alpha-channel-opacity\"\/>\n\n\n\n<p class=\"wp-block-paragraph\"><br><strong>D\u00cdA 1 | CAPILLA DEL SE\u00d1OR: TRADICI\u00d3N Y MEMORIA VIVA<\/strong><\/p>\n\n\n\n<p class=\"wp-block-paragraph\">El viaje comienza en la Capilla del Se\u00f1or, partido de Exaltaci\u00f3n de la Cruz, donde sus calles coloniales, sus museos y hasta el antiguo cementerio cuentan historias de generaciones que a\u00fan laten en cada rinc\u00f3n. Pasear por el casco hist\u00f3rico es sin\u00f3nimo de viaje en el tiempo para redescubrir &nbsp;la calma de lo aut\u00e9ntico.<\/p>\n\n\n\n<p class=\"wp-block-paragraph\">Entre sus atractivos m\u00e1s singulares se encuentran las pulper\u00edas centenarias, verdaderos templos de la vida criolla. \u201cLos Omb\u00faes\u201d, abierta desde el siglo XVIII, conserva la m\u00edstica de las partidas de truco y la memoria de Do\u00f1a Elsa, su inolvidable pulpera. En \u201cLa Confianza\u201d tambi\u00e9n se revive esa atm\u00f3sfera de anta\u00f1o. Para quienes buscan aventura, nada como un recorrido en los coloridos Meharis, veh\u00edculos ic\u00f3nicos que invitan a perderse por los caminos rurales. Y la torre El Mirador, propone una postal panor\u00e1mica para contemplar el pueblo.&nbsp;<\/p>\n\n\n\n<p class=\"wp-block-paragraph\"><a href=\"https:\/\/www.exaltaciondelacruz.gob.ar\/turismo\/?p=819\">+ D\u00f3nde comer<\/a>&nbsp;<br><a href=\"https:\/\/www.exaltaciondelacruz.gob.ar\/turismo\/?p=757\">+ D\u00f3nde alojarse<\/a>&nbsp;<\/p>\n\n\n\n<p class=\"wp-block-paragraph\">La distancia total recorrida entre AMBA y Capilla del Se\u00f1or es de 73 kil\u00f3metros aproximadamente.<br>&nbsp;<\/p>\n\n\n\n<hr class=\"wp-block-separator has-alpha-channel-opacity\"\/>\n\n\n\n<p class=\"wp-block-paragraph\"><br><strong>D\u00cdA 2 | LOS CARDALES: UN CIELO DE GLOBOS Y LA PASI\u00d3N DEL POLO<\/strong><\/p>\n\n\n\n<p class=\"wp-block-paragraph\">La segunda jornada cambia la perspectiva. En Los Cardales, la experiencia de elevarse en un globo aerost\u00e1tico regala vistas \u00fanicas de la inmensidad de las pampas, con campos infinitos y atardeceres dorados una vivencia que trasciende el viaje y quedar\u00e1 grabada para siempre en la memoria.<\/p>\n\n\n\n<p class=\"wp-block-paragraph\">En tierra, la tradici\u00f3n ecuestre ofrece convertirse en polista por un d\u00eda, para acercar el turismo a uno de los deportes m\u00e1s emblem\u00e1ticos de la Argentina. Tambi\u00e9n se puede optar por una cabalgata entre paisajes rurales para disfrutar del contacto \u00edntimo con la naturaleza, o visitar una granja educativa. El plan ideal para conocer la vida en el campo de primera mano.<\/p>\n\n\n\n<p class=\"wp-block-paragraph\"><a href=\"https:\/\/www.exaltaciondelacruz.gob.ar\/turismo\/?p=819\">+ D\u00f3nde comer<\/a><br><a href=\"https:\/\/www.exaltaciondelacruz.gob.ar\/turismo\/?p=757\">+ D\u00f3nde alojarse<\/a><\/p>\n\n\n\n<p class=\"wp-block-paragraph\">La distancia total recorrida entre Capilla del Se\u00f1or, Los Cardales, Carlos Keen y Lujan es de 70 kil\u00f3metros aproximadamente.<br>&nbsp;<\/p>\n\n\n\n<hr class=\"wp-block-separator has-alpha-channel-opacity\"\/>\n\n\n\n<p class=\"wp-block-paragraph\"><br><strong>D\u00cdA 3 | CARLOS KEEN Y LUJ\u00c1N: SABORES CRIOLLOS Y ESPIRITUALIDAD<\/strong><\/p>\n\n\n\n<p class=\"wp-block-paragraph\">El tercer d\u00eda comienza en el pintoresco Pueblo Tur\u00edstico Carlos Keen, con las casonas del siglo XIX y XX transformadas en restaurantes. Invitan a saborear la cocina criolla con productos de huerta y recetas caseras: empanadas cortadas a cuchillo, quesos artesanales, pastelitos y tortas fritas que completan la experiencia de un verdadero almuerzo de campo. El antiguo galp\u00f3n ferroviario convertido en Centro Cultural y Tur\u00edstico, guarda la memoria agr\u00edcola de la regi\u00f3n y enriquece la visita con historias locales.<\/p>\n\n\n\n<p class=\"wp-block-paragraph\">La \u00faltima parada es en Luj\u00e1n, la ciudad sin\u00f3nimo de fe cristiana en el pa\u00eds. La imponente Bas\u00edlica de Nuestra Se\u00f1ora de Luj\u00e1n se convirti\u00f3 en el centro de peregrinaci\u00f3n m\u00e1s importante de Argentina: conmueve por su belleza arquitect\u00f3nica y por el fervor de los fieles que llegan durante todo el a\u00f1o. En el pago tambi\u00e9n se pueden recorrer la Reserva Natural Municipal Quinta de Cigordia, ideal para una pausa entre naturaleza y fauna aut\u00f3ctona; el Museo de Bellas Artes Fern\u00e1n F\u00e9lix de Amador, con obras de artistas consagrados; y el Complejo Museogr\u00e1fico Provincial Enrique Udaondo, que alberga una colecci\u00f3n fascinante de carruajes, objetos hist\u00f3ricos y piezas que narran la historia argentina.&nbsp;<\/p>\n\n\n\n<p class=\"wp-block-paragraph\">La distancia total recorrida entre Capilla del Se\u00f1or, Carlos Keen, Luj\u00e1n y AMBA es de 95 &nbsp;kil\u00f3metros aproximadamente.<\/p>\n","protected":false},"excerpt":{"rendered":"<p>Espiritualidad, sabores y vida pampeana Pensado para quienes buscan sumergirse en la esencia bonaerense: pueblos con historia, experiencias rurales, sabores criollos y la espiritualidad del sitio que alberga a la Virgen de Luj\u00e1n, patrona de la Argentina. A solo una hora de la Ciudad de Buenos Aires, este viaje de tres d\u00edas por Exaltaci\u00f3n de [&hellip;]<\/p>\n","protected":false},"author":2,"featured_media":59683,"comment_status":"closed","ping_status":"open","sticky":false,"template":"","format":"standard","meta":{"footnotes":""},"categories":[54],"tags":[],"class_list":["post-59682","post","type-post","status-publish","format-standard","has-post-thumbnail","hentry","category-turismo"],"_links":{"self":[{"href":"https:\/\/clicdenoticias.com\/index.php\/wp-json\/wp\/v2\/posts\/59682","targetHints":{"allow":["GET"]}}],"collection":[{"href":"https:\/\/clicdenoticias.com\/index.php\/wp-json\/wp\/v2\/posts"}],"about":[{"href":"https:\/\/clicdenoticias.com\/index.php\/wp-json\/wp\/v2\/types\/post"}],"author":[{"embeddable":true,"href":"https:\/\/clicdenoticias.com\/index.php\/wp-json\/wp\/v2\/users\/2"}],"replies":[{"embeddable":true,"href":"https:\/\/clicdenoticias.com\/index.php\/wp-json\/wp\/v2\/comments?post=59682"}],"version-history":[{"count":1,"href":"https:\/\/clicdenoticias.com\/index.php\/wp-json\/wp\/v2\/posts\/59682\/revisions"}],"predecessor-version":[{"id":59684,"href":"https:\/\/clicdenoticias.com\/index.php\/wp-json\/wp\/v2\/posts\/59682\/revisions\/59684"}],"wp:featuredmedia":[{"embeddable":true,"href":"https:\/\/clicdenoticias.com\/index.php\/wp-json\/wp\/v2\/media\/59683"}],"wp:attachment":[{"href":"https:\/\/clicdenoticias.com\/index.php\/wp-json\/wp\/v2\/media?parent=59682"}],"wp:term":[{"taxonomy":"category","embeddable":true,"href":"https:\/\/clicdenoticias.com\/index.php\/wp-json\/wp\/v2\/categories?post=59682"},{"taxonomy":"post_tag","embeddable":true,"href":"https:\/\/clicdenoticias.com\/index.php\/wp-json\/wp\/v2\/tags?post=59682"}],"curies":[{"name":"wp","href":"https:\/\/api.w.org\/{rel}","templated":true}]}}