{"id":59837,"date":"2026-09-03T08:58:00","date_gmt":"2026-09-03T11:58:00","guid":{"rendered":"https:\/\/clicdenoticias.com\/?p=59837"},"modified":"2026-09-01T08:59:19","modified_gmt":"2026-09-01T11:59:19","slug":"buscan-que-perros-y-gatos-puedan-acompanar-a-los-adultos-mayores-en-residencias-geriatricas","status":"publish","type":"post","link":"https:\/\/clicdenoticias.com\/index.php\/2026\/09\/03\/buscan-que-perros-y-gatos-puedan-acompanar-a-los-adultos-mayores-en-residencias-geriatricas\/","title":{"rendered":"Buscan que perros y gatos puedan acompa\u00f1ar a los adultos mayores en residencias geri\u00e1tricas"},"content":{"rendered":"\n<p class=\"wp-block-paragraph\">Una iniciativa presentada en el marco del&nbsp;<strong>Congreso Argentino de Gerontolog\u00eda y Geriatr\u00eda&nbsp;<\/strong>busca que los adultos mayores residentes en geri\u00e1tricos de todo el pa\u00eds puedan mantener el v\u00ednculo con sus perros y gatos.<\/p>\n\n\n\n<p class=\"wp-block-paragraph\">La propuesta, impulsada por el Sindicato de Trabajadores Caninos y explicada por su secretario general, Mat\u00edas Tomsich, toma como base la norma vigente en la Ciudad de Buenos Aires desde 2013 y sum\u00f3 la experiencia de Tucum\u00e1n, apuntando ahora a llegar a m\u00e1s jurisdicciones como Mar del Plata, seg\u00fan pudo averiguar la&nbsp;<strong>Agencia Noticias Argentinas.<\/strong><\/p>\n\n\n\n<p class=\"wp-block-paragraph\">El proyecto naci\u00f3 a partir del impacto emocional de la separaci\u00f3n familiar y la evidencia cient\u00edfica que respalda los beneficios de la convivencia. \u00abEntendemos que las familias son multiespecie; separar a un adulto mayor de su mascota es separarlo de su familia\u00bb, sostuvo Tomsich durante una entrevista en el programa&nbsp;<em>En la Misma Vereda<\/em>&nbsp;(FM del Sol 100.7). Estudios presentados se\u00f1alan que la presencia animal reduce el estr\u00e9s, disminuye la ingesta de f\u00e1rmacos y estimula la socializaci\u00f3n.<\/p>\n\n\n\n<p class=\"wp-block-paragraph\">Adem\u00e1s de favorecer la calidad de vida de los abuelos y fomentar la adopci\u00f3n de animales de refugios, el proyecto demostr\u00f3 un impacto altamente positivo en los trabajadores de los establecimientos. Un informe presentado en el congreso revel\u00f3 que el 88% del personal de salud y asistencia aprueba la medida y coincide en que la din\u00e1mica con animales disminuye tensiones y mejora notablemente el clima laboral.<\/p>\n\n\n\n<p class=\"wp-block-paragraph\">Para garantizar el \u00e9xito de la propuesta sin sobrecargar econ\u00f3micamente a las instituciones privadas o de asistencia p\u00fablica, el sindicato solicita que la medida se implemente como una pol\u00edtica de Estado. Esto contempla que las distintas gestiones estatales articulen y financien la contrataci\u00f3n de servicios especializados, tales como paseadores y adiestradores profesionales, garantizando un cuidado adecuado.<\/p>\n\n\n\n<p class=\"wp-block-paragraph\">Agencia NA<\/p>\n","protected":false},"excerpt":{"rendered":"<p>Una iniciativa presentada en el marco del&nbsp;Congreso Argentino de Gerontolog\u00eda y Geriatr\u00eda&nbsp;busca que los adultos mayores residentes en geri\u00e1tricos de todo el pa\u00eds puedan mantener el v\u00ednculo con sus perros y gatos. La propuesta, impulsada por el Sindicato de Trabajadores Caninos y explicada por su secretario general, Mat\u00edas Tomsich, toma como base la norma vigente [&hellip;]<\/p>\n","protected":false},"author":2,"featured_media":59838,"comment_status":"closed","ping_status":"open","sticky":false,"template":"","format":"standard","meta":{"footnotes":""},"categories":[45],"tags":[],"class_list":["post-59837","post","type-post","status-publish","format-standard","has-post-thumbnail","hentry","category-sociedad"],"_links":{"self":[{"href":"https:\/\/clicdenoticias.com\/index.php\/wp-json\/wp\/v2\/posts\/59837","targetHints":{"allow":["GET"]}}],"collection":[{"href":"https:\/\/clicdenoticias.com\/index.php\/wp-json\/wp\/v2\/posts"}],"about":[{"href":"https:\/\/clicdenoticias.com\/index.php\/wp-json\/wp\/v2\/types\/post"}],"author":[{"embeddable":true,"href":"https:\/\/clicdenoticias.com\/index.php\/wp-json\/wp\/v2\/users\/2"}],"replies":[{"embeddable":true,"href":"https:\/\/clicdenoticias.com\/index.php\/wp-json\/wp\/v2\/comments?post=59837"}],"version-history":[{"count":1,"href":"https:\/\/clicdenoticias.com\/index.php\/wp-json\/wp\/v2\/posts\/59837\/revisions"}],"predecessor-version":[{"id":59839,"href":"https:\/\/clicdenoticias.com\/index.php\/wp-json\/wp\/v2\/posts\/59837\/revisions\/59839"}],"wp:featuredmedia":[{"embeddable":true,"href":"https:\/\/clicdenoticias.com\/index.php\/wp-json\/wp\/v2\/media\/59838"}],"wp:attachment":[{"href":"https:\/\/clicdenoticias.com\/index.php\/wp-json\/wp\/v2\/media?parent=59837"}],"wp:term":[{"taxonomy":"category","embeddable":true,"href":"https:\/\/clicdenoticias.com\/index.php\/wp-json\/wp\/v2\/categories?post=59837"},{"taxonomy":"post_tag","embeddable":true,"href":"https:\/\/clicdenoticias.com\/index.php\/wp-json\/wp\/v2\/tags?post=59837"}],"curies":[{"name":"wp","href":"https:\/\/api.w.org\/{rel}","templated":true}]}}