{"id":59840,"date":"2026-09-03T08:59:23","date_gmt":"2026-09-03T11:59:23","guid":{"rendered":"https:\/\/clicdenoticias.com\/?p=59840"},"modified":"2026-09-01T09:01:09","modified_gmt":"2026-09-01T12:01:09","slug":"el-jardin-de-los-presentes-el-disco-de-invisible-que-cambio-el-mapa-del-rock-argentino","status":"publish","type":"post","link":"https:\/\/clicdenoticias.com\/index.php\/2026\/09\/03\/el-jardin-de-los-presentes-el-disco-de-invisible-que-cambio-el-mapa-del-rock-argentino\/","title":{"rendered":"El jard\u00edn de los presentes, el disco de Invisible que cambi\u00f3 el mapa del rock argentino"},"content":{"rendered":"\n<p class=\"wp-block-paragraph\">&nbsp;<strong>Hace 50 a\u00f1os,<\/strong>&nbsp;mientras la Argentina atravesaba los primeros meses de la \u00faltima dictadura c\u00edvico-militar,&nbsp;<strong>Invisible publicaba&nbsp;<\/strong><em><strong>El jard\u00edn de los presentes<\/strong><\/em><strong>, un \u00e1lbum que con el tiempo se convertir\u00eda en una de las obras fundamentales del rock argentino<\/strong>&nbsp;y en uno de los puntos m\u00e1s altos de la trayectoria de&nbsp;<strong>Luis Alberto Spinetta<\/strong>. El tercer y \u00faltimo disco de la banda apareci\u00f3 el 29 de septiembre de 1976, seis meses despu\u00e9s del golpe de Estado del 24 de marzo, y condens\u00f3 en&nbsp;<strong>ocho canciones&nbsp;<\/strong>una b\u00fasqueda musical que desbordaba las fronteras del rock para incorporar el tango, el jazz y una particular sensibilidad urbana.<\/p>\n\n\n\n<p class=\"wp-block-paragraph\"><strong>Invisible hab\u00eda nacido en 1973 como tr\u00edo<\/strong>, con Spinetta en voz y guitarra,&nbsp;<strong>Carlos Alberto \u201cMachi\u201d Rufino&nbsp;<\/strong>en bajo y&nbsp;<strong>H\u00e9ctor \u201cPomo\u201d Lorenzo&nbsp;<\/strong>en bater\u00eda. Para este \u00faltimo trabajo se sum\u00f3&nbsp;<strong>Tom\u00e1s Gubitsch,&nbsp;<\/strong>un guitarrista de apenas 18 a\u00f1os y formaci\u00f3n jazz\u00edstica cuya incorporaci\u00f3n transform\u00f3 el sonido del grupo. Su guitarra dialog\u00f3 con la de Spinetta en extensos pasajes instrumentales y termin\u00f3 siendo uno de los rasgos distintivos del \u00e1lbum. Al a\u00f1o siguiente Gubitsch se incorporar\u00eda al octeto de Astor Piazzolla y se instalar\u00eda en Par\u00eds.<\/p>\n\n\n\n<p class=\"wp-block-paragraph\">La transformaci\u00f3n no fue solamente de formaci\u00f3n.&nbsp;<em>El jard\u00edn de los presentes<\/em>&nbsp;profundiz\u00f3 una direcci\u00f3n que Invisible hab\u00eda explorado en sus dos discos anteriores y la llev\u00f3 hacia una s\u00edntesis novedosa:<strong>&nbsp;rock progresivo, jazz, tango y elementos de la canci\u00f3n porte\u00f1a<\/strong>&nbsp;convivieron sin que ninguno funcionara como simple adorno. La participaci\u00f3n de los bandoneonistas&nbsp;<strong>Juan Jos\u00e9 Mosalini y Rodolfo Mederos<\/strong>&nbsp;reforz\u00f3 ese cruce y ubic\u00f3 al disco dentro de una escena porte\u00f1a en la que el tango tambi\u00e9n estaba siendo revisado desde la vanguardia.<\/p>\n\n\n\n<p class=\"wp-block-paragraph\">El contexto vuelve especialmente significativa aquella b\u00fasqueda.<strong>&nbsp;La dictadura hab\u00eda impuesto censura, persecuci\u00f3n y terrorismo de Estado,<\/strong>&nbsp;mientras el rock era observado con desconfianza por las autoridades. En ese escenario, Invisible no produjo un disco de denuncia expl\u00edcita: Spinetta eligi\u00f3, como tantas veces en su obra<strong>, la poes\u00eda, la met\u00e1fora y la construcci\u00f3n de mundos imaginarios.<\/strong>&nbsp;Esa decisi\u00f3n permiti\u00f3 que canciones como&nbsp;<em>El anillo del Capit\u00e1n Beto, Los libros de la buena memoria, Que ves el cielo<\/em>&nbsp;y&nbsp;<em>Las golondrinas de Plaza de Mayo<\/em>&nbsp;adquirieran, con el paso del tiempo, nuevas lecturas vinculadas con la incertidumbre, la ausencia, la libertad y la memoria.<\/p>\n\n\n\n<h2 class=\"wp-block-heading\">Canciones para toda la vida<\/h2>\n\n\n\n<p class=\"wp-block-paragraph\"><em>El anillo del Capit\u00e1n Beto<\/em>, que abre el \u00e1lbum, convirti\u00f3 a un colectivero porte\u00f1o en viajero espacial y construy\u00f3 alrededor de su soledad una de las grandes canciones de la m\u00fasica argentina. La historia mezcla elementos reconocibles de Buenos Aires con una deriva c\u00f3smica y existencial.&nbsp;<em>Los libros de la buena memoria<\/em>, en tanto, incorpora el bandone\u00f3n de Mosalini y construye una de las piezas m\u00e1s delicadas del repertorio spinetteano.<\/p>\n\n\n\n<p class=\"wp-block-paragraph\">El disco tambi\u00e9n alterna momentos de mayor intensidad.&nbsp;<em>Alarma entre los \u00e1ngeles<\/em>, instrumental, permite que Gubitsch despliegue su virtuosismo;&nbsp;<em>Ruido de magia<\/em>&nbsp;combina bajo y guitarras en una atm\u00f3sfera hipn\u00f3tica;&nbsp;<em>Doscientos a\u00f1os<\/em>&nbsp;vuelve a destacar la guitarra del joven m\u00fasico; y&nbsp;<em>Perdonado (Ni\u00f1o condenado)<\/em>&nbsp;lleva al grupo hacia uno de sus pasajes m\u00e1s poderosos. El cierre llega con&nbsp;<em>Las golondrinas de Plaza de Mayo<\/em>, atravesada por bandoneones y una frase que, escuchada desde el presente, adquiri\u00f3 una resonancia hist\u00f3rica inevitable:&nbsp;<strong>las golondrinas \u201csolo vuelan en libertad\u201d<\/strong>. La asociaci\u00f3n con la posterior lucha de las Madres de Plaza de Mayo es frecuente, aunque Spinetta sostuvo que no hab\u00eda compuesto la canci\u00f3n pensando conscientemente en esa referencia.<\/p>\n","protected":false},"excerpt":{"rendered":"<p>&nbsp;Hace 50 a\u00f1os,&nbsp;mientras la Argentina atravesaba los primeros meses de la \u00faltima dictadura c\u00edvico-militar,&nbsp;Invisible publicaba&nbsp;El jard\u00edn de los presentes, un \u00e1lbum que con el tiempo se convertir\u00eda en una de las obras fundamentales del rock argentino&nbsp;y en uno de los puntos m\u00e1s altos de la trayectoria de&nbsp;Luis Alberto Spinetta. El tercer y \u00faltimo disco de [&hellip;]<\/p>\n","protected":false},"author":2,"featured_media":59841,"comment_status":"closed","ping_status":"open","sticky":false,"template":"","format":"standard","meta":{"footnotes":""},"categories":[45],"tags":[],"class_list":["post-59840","post","type-post","status-publish","format-standard","has-post-thumbnail","hentry","category-sociedad"],"_links":{"self":[{"href":"https:\/\/clicdenoticias.com\/index.php\/wp-json\/wp\/v2\/posts\/59840","targetHints":{"allow":["GET"]}}],"collection":[{"href":"https:\/\/clicdenoticias.com\/index.php\/wp-json\/wp\/v2\/posts"}],"about":[{"href":"https:\/\/clicdenoticias.com\/index.php\/wp-json\/wp\/v2\/types\/post"}],"author":[{"embeddable":true,"href":"https:\/\/clicdenoticias.com\/index.php\/wp-json\/wp\/v2\/users\/2"}],"replies":[{"embeddable":true,"href":"https:\/\/clicdenoticias.com\/index.php\/wp-json\/wp\/v2\/comments?post=59840"}],"version-history":[{"count":1,"href":"https:\/\/clicdenoticias.com\/index.php\/wp-json\/wp\/v2\/posts\/59840\/revisions"}],"predecessor-version":[{"id":59842,"href":"https:\/\/clicdenoticias.com\/index.php\/wp-json\/wp\/v2\/posts\/59840\/revisions\/59842"}],"wp:featuredmedia":[{"embeddable":true,"href":"https:\/\/clicdenoticias.com\/index.php\/wp-json\/wp\/v2\/media\/59841"}],"wp:attachment":[{"href":"https:\/\/clicdenoticias.com\/index.php\/wp-json\/wp\/v2\/media?parent=59840"}],"wp:term":[{"taxonomy":"category","embeddable":true,"href":"https:\/\/clicdenoticias.com\/index.php\/wp-json\/wp\/v2\/categories?post=59840"},{"taxonomy":"post_tag","embeddable":true,"href":"https:\/\/clicdenoticias.com\/index.php\/wp-json\/wp\/v2\/tags?post=59840"}],"curies":[{"name":"wp","href":"https:\/\/api.w.org\/{rel}","templated":true}]}}