{"id":59846,"date":"2026-09-03T09:04:12","date_gmt":"2026-09-03T12:04:12","guid":{"rendered":"https:\/\/clicdenoticias.com\/?p=59846"},"modified":"2026-09-01T09:06:10","modified_gmt":"2026-09-01T12:06:10","slug":"caen-191-los-patentamientos-de-autos-0km-en-agosto-y-el-mercado-acumula-una-baja-de-133-en-2026","status":"publish","type":"post","link":"https:\/\/clicdenoticias.com\/index.php\/2026\/09\/03\/caen-191-los-patentamientos-de-autos-0km-en-agosto-y-el-mercado-acumula-una-baja-de-133-en-2026\/","title":{"rendered":"Caen 19,1% los patentamientos de autos 0km en agosto y el mercado acumula una baja de 13,3% en 2026"},"content":{"rendered":"\n<p class=\"wp-block-paragraph\">&nbsp;El&nbsp;<a href=\"https:\/\/noticiasargentinas.com\/economia\/movilidad\/mas-de-1-000-km-con-un-tanque--asi-es-ora-5-hev--el-suv-hibrido-chino-que-busca-romper-el-mercado-argentino_a6a8ee0e15473f9bb719cd1ee\">mercado automotor argentino<\/a>&nbsp;cerr\u00f3 agosto con&nbsp;<strong>44.415 veh\u00edculos patentados<\/strong>, lo que represent\u00f3 una ca\u00edda del&nbsp;<strong>19,1%<\/strong>&nbsp;respecto del mismo mes de 2025. En la comparaci\u00f3n con julio, el retroceso fue del&nbsp;<strong>1,5%<\/strong>, mientras que el acumulado de los primeros ocho meses del a\u00f1o alcanz\u00f3 las&nbsp;<strong>385.091 unidades<\/strong>, un&nbsp;<strong>13,3%<\/strong>&nbsp;menos que en igual per\u00edodo de 2025.<\/p>\n\n\n\n<p class=\"wp-block-paragraph\">Pese a la baja interanual, el promedio diario de patentamientos creci\u00f3&nbsp;<strong>3,4%<\/strong>&nbsp;respecto de julio, favorecido por una mayor din\u00e1mica comercial, aunque agosto cont\u00f3 con un d\u00eda h\u00e1bil menos. Seg\u00fan pudo saber la&nbsp;<strong>Agencia Noticias Argentinas<\/strong>, el mercado contin\u00faa mostrando una demanda moderada y un comportamiento selectivo por parte de los compradores.<\/p>\n","protected":false},"excerpt":{"rendered":"<p>&nbsp;El&nbsp;mercado automotor argentino&nbsp;cerr\u00f3 agosto con&nbsp;44.415 veh\u00edculos patentados, lo que represent\u00f3 una ca\u00edda del&nbsp;19,1%&nbsp;respecto del mismo mes de 2025. En la comparaci\u00f3n con julio, el retroceso fue del&nbsp;1,5%, mientras que el acumulado de los primeros ocho meses del a\u00f1o alcanz\u00f3 las&nbsp;385.091 unidades, un&nbsp;13,3%&nbsp;menos que en igual per\u00edodo de 2025. Pese a la baja interanual, el promedio [&hellip;]<\/p>\n","protected":false},"author":2,"featured_media":59847,"comment_status":"closed","ping_status":"open","sticky":false,"template":"","format":"standard","meta":{"footnotes":""},"categories":[44],"tags":[],"class_list":["post-59846","post","type-post","status-publish","format-standard","has-post-thumbnail","hentry","category-economia"],"_links":{"self":[{"href":"https:\/\/clicdenoticias.com\/index.php\/wp-json\/wp\/v2\/posts\/59846","targetHints":{"allow":["GET"]}}],"collection":[{"href":"https:\/\/clicdenoticias.com\/index.php\/wp-json\/wp\/v2\/posts"}],"about":[{"href":"https:\/\/clicdenoticias.com\/index.php\/wp-json\/wp\/v2\/types\/post"}],"author":[{"embeddable":true,"href":"https:\/\/clicdenoticias.com\/index.php\/wp-json\/wp\/v2\/users\/2"}],"replies":[{"embeddable":true,"href":"https:\/\/clicdenoticias.com\/index.php\/wp-json\/wp\/v2\/comments?post=59846"}],"version-history":[{"count":1,"href":"https:\/\/clicdenoticias.com\/index.php\/wp-json\/wp\/v2\/posts\/59846\/revisions"}],"predecessor-version":[{"id":59848,"href":"https:\/\/clicdenoticias.com\/index.php\/wp-json\/wp\/v2\/posts\/59846\/revisions\/59848"}],"wp:featuredmedia":[{"embeddable":true,"href":"https:\/\/clicdenoticias.com\/index.php\/wp-json\/wp\/v2\/media\/59847"}],"wp:attachment":[{"href":"https:\/\/clicdenoticias.com\/index.php\/wp-json\/wp\/v2\/media?parent=59846"}],"wp:term":[{"taxonomy":"category","embeddable":true,"href":"https:\/\/clicdenoticias.com\/index.php\/wp-json\/wp\/v2\/categories?post=59846"},{"taxonomy":"post_tag","embeddable":true,"href":"https:\/\/clicdenoticias.com\/index.php\/wp-json\/wp\/v2\/tags?post=59846"}],"curies":[{"name":"wp","href":"https:\/\/api.w.org\/{rel}","templated":true}]}}