{"id":59861,"date":"2026-09-03T07:19:00","date_gmt":"2026-09-03T10:19:00","guid":{"rendered":"https:\/\/clicdenoticias.com\/?p=59861"},"modified":"2026-09-01T10:24:46","modified_gmt":"2026-09-01T13:24:46","slug":"una-nueva-encuesta-para-2027-mide-al-peronismo-y-a-la-libertad-avanza-para-las-presidenciales-de-2027","status":"publish","type":"post","link":"https:\/\/clicdenoticias.com\/index.php\/2026\/09\/03\/una-nueva-encuesta-para-2027-mide-al-peronismo-y-a-la-libertad-avanza-para-las-presidenciales-de-2027\/","title":{"rendered":"Una nueva encuesta para 2027 mide al peronismo y a La Libertad Avanza para las presidenciales de 2027"},"content":{"rendered":"\n<p class=\"wp-block-paragraph\">Una nueva&nbsp;<strong>encuesta nacional&nbsp;<\/strong>ubic\u00f3 al&nbsp;<strong>peronismo y a La Libertad Avanza en un \u201cempate t\u00e9cnico\u201d<\/strong>&nbsp;de cara a las elecciones presidenciales de 2027, con 35,7% y 35,5% de intenci\u00f3n de voto, respectivamente.<\/p>\n\n\n\n<p class=\"wp-block-paragraph\">El estudio fue realizado por la&nbsp;<strong>consultora Synopsis entre el 10 y el 18 de agosto sobre 1.224 casos a nivel nacional,<\/strong>&nbsp;con un margen de error de +\/- 2,8%, y tambi\u00e9n relev\u00f3 las preferencias de los votantes entre cambio y continuidad en el Gobierno Nacional.<\/p>\n\n\n\n<p class=\"wp-block-paragraph\">Ante la pregunta sobre a qui\u00e9n votar\u00eda \u00abSi hoy fuesen las elecciones presidenciales\u00bb, las respuestas dan un empate t\u00e9cnico, con el&nbsp;<strong>peronismo en un 35,7% y La Libertad Avanza 35,5%<\/strong>, en lo que mostrar\u00eda una total paridad de cara a una primera vuelta, con solo dos d\u00e9cimas de diferencia.<\/p>\n\n\n\n<p class=\"wp-block-paragraph\">Seg\u00fan el sondeo, el&nbsp;<strong>60,2% de los consultados manifest\u00f3 que preferir\u00eda un cambio&nbsp;<\/strong>respecto de la situaci\u00f3n actual, mientras que u<strong>n 35,6% se inclin\u00f3 por darle continuidad a lo que est\u00e1 ocurriendo en el pa\u00eds.<\/strong><\/p>\n\n\n\n<p class=\"wp-block-paragraph\">Al consultar espec\u00edficamente sobre el pr\u00f3ximo comicio,&nbsp;<strong>el 22,6% afirm\u00f3 que elegir\u00eda a Milei \u00abs\u00ed o s\u00ed\u00bb, mientras que otro 17,2% se\u00f1al\u00f3 que optar\u00eda por el actual mandatario porque \u00abno hay otro<\/strong>\u00ab. De esa manera, el potencial electoral del Presidente llegar\u00eda a un 39,8%.<\/p>\n","protected":false},"excerpt":{"rendered":"<p>Una nueva&nbsp;encuesta nacional&nbsp;ubic\u00f3 al&nbsp;peronismo y a La Libertad Avanza en un \u201cempate t\u00e9cnico\u201d&nbsp;de cara a las elecciones presidenciales de 2027, con 35,7% y 35,5% de intenci\u00f3n de voto, respectivamente. El estudio fue realizado por la&nbsp;consultora Synopsis entre el 10 y el 18 de agosto sobre 1.224 casos a nivel nacional,&nbsp;con un margen de error de [&hellip;]<\/p>\n","protected":false},"author":2,"featured_media":59862,"comment_status":"closed","ping_status":"open","sticky":false,"template":"","format":"standard","meta":{"footnotes":""},"categories":[68,43],"tags":[],"class_list":["post-59861","post","type-post","status-publish","format-standard","has-post-thumbnail","hentry","category-destacada","category-politica"],"_links":{"self":[{"href":"https:\/\/clicdenoticias.com\/index.php\/wp-json\/wp\/v2\/posts\/59861","targetHints":{"allow":["GET"]}}],"collection":[{"href":"https:\/\/clicdenoticias.com\/index.php\/wp-json\/wp\/v2\/posts"}],"about":[{"href":"https:\/\/clicdenoticias.com\/index.php\/wp-json\/wp\/v2\/types\/post"}],"author":[{"embeddable":true,"href":"https:\/\/clicdenoticias.com\/index.php\/wp-json\/wp\/v2\/users\/2"}],"replies":[{"embeddable":true,"href":"https:\/\/clicdenoticias.com\/index.php\/wp-json\/wp\/v2\/comments?post=59861"}],"version-history":[{"count":1,"href":"https:\/\/clicdenoticias.com\/index.php\/wp-json\/wp\/v2\/posts\/59861\/revisions"}],"predecessor-version":[{"id":59863,"href":"https:\/\/clicdenoticias.com\/index.php\/wp-json\/wp\/v2\/posts\/59861\/revisions\/59863"}],"wp:featuredmedia":[{"embeddable":true,"href":"https:\/\/clicdenoticias.com\/index.php\/wp-json\/wp\/v2\/media\/59862"}],"wp:attachment":[{"href":"https:\/\/clicdenoticias.com\/index.php\/wp-json\/wp\/v2\/media?parent=59861"}],"wp:term":[{"taxonomy":"category","embeddable":true,"href":"https:\/\/clicdenoticias.com\/index.php\/wp-json\/wp\/v2\/categories?post=59861"},{"taxonomy":"post_tag","embeddable":true,"href":"https:\/\/clicdenoticias.com\/index.php\/wp-json\/wp\/v2\/tags?post=59861"}],"curies":[{"name":"wp","href":"https:\/\/api.w.org\/{rel}","templated":true}]}}