{"id":59867,"date":"2026-09-03T07:28:00","date_gmt":"2026-09-03T10:28:00","guid":{"rendered":"https:\/\/clicdenoticias.com\/?p=59867"},"modified":"2026-09-01T10:39:12","modified_gmt":"2026-09-01T13:39:12","slug":"faros-iconicos-de-la-costa-bonaerense","status":"publish","type":"post","link":"https:\/\/clicdenoticias.com\/index.php\/2026\/09\/03\/faros-iconicos-de-la-costa-bonaerense\/","title":{"rendered":"Faros Ic\u00f3nicos De La Costa Bonaerense"},"content":{"rendered":"\n<h3 class=\"wp-block-heading\"><strong>Escaleras, luces y vistas infinitas<\/strong><\/h3>\n\n\n\n<hr class=\"wp-block-separator has-alpha-channel-opacity\"\/>\n\n\n\n<p class=\"wp-block-paragraph\">Los faros irrumpen con destellos en las noches a orillas del mar y siempre tienen un aura m\u00e1gica. Con su encanto m\u00edstico, inspiraron a escritores y artistas. Adem\u00e1s de orientar al navegante hacia puertos seguros, son valiosos como patrimonio hist\u00f3rico y representan un gran atractivo por su relaci\u00f3n con la playa.<\/p>\n\n\n\n<p class=\"wp-block-paragraph\">Visitarlos es adentrarse en la intimidad de un guardi\u00e1n del oc\u00e9ano, descubrir la arquitectura que los hace \u00fanicos y disfrutar de una vista privilegiada del paisaje costero. Cada faro es una aventura, un punto de referencia para la imaginaci\u00f3n y la curiosidad de los viajeros.<\/p>\n\n\n\n<p class=\"wp-block-paragraph\">El Faro Punta M\u00e9danos, declarado de inter\u00e9s hist\u00f3rico municipal, inici\u00f3 sus operaciones en julio de 1893 al sur del partido de La Costa. Su torre met\u00e1lica troncopiramidal, de estructura abierta, se alza 59 metros a 500 metros de la l\u00ednea de marea. Es el\u00e9ctrico y est\u00e1 habitado por torreros que se encargan de su mantenimiento.<\/p>\n\n\n\n<p class=\"wp-block-paragraph\">A 30 kil\u00f3metros al sur de Villa Gesell, se encuentra el Faro Querand\u00ed&nbsp;dentro de la&nbsp;&nbsp;reserva natural municipal de singular belleza. En medio de un paisaje de dunas y bosques de pinos y acacias, su luz se eleva 65 metros y es visible a una distancia de 18 millas. Para llegar a la cima, es necesario ascender por una estrecha escalera caracol de 276 escalones que crea un ambiente de claroscuros.<\/p>\n\n\n\n<p class=\"wp-block-paragraph\">En el partido de Tres Arroyos, el Faro Claromec\u00f3 funciona desde 1922. Con 54 metros de altura es el segundo de estructura cerrada m\u00e1s alto de Sudam\u00e9rica, situado a 12 metros sobre el nivel del mar. En su base se exhiben los restos \u00f3seos de una ballena, el \u00fanico esqueleto de cet\u00e1ceo expuesto en Argentina. Despu\u00e9s de subir sus 278 escalones, se puede disfrutar de una vista panor\u00e1mica impresionante.<\/p>\n\n\n\n<p class=\"wp-block-paragraph\">Finalmente, el Faro Recalada es el m\u00e1s alto del litoral mar\u00edtimo argentino, con 67 metros de altura. Se encuentra a 7 kil\u00f3metros de Monte Hermoso, en el camino costero hacia el balneario Sauce Grande. Desde el mirador, de tipo abierto, se puede observar el entorno y&nbsp; fotografiar las dunas y playas de la zona.<\/p>\n","protected":false},"excerpt":{"rendered":"<p>Escaleras, luces y vistas infinitas Los faros irrumpen con destellos en las noches a orillas del mar y siempre tienen un aura m\u00e1gica. Con su encanto m\u00edstico, inspiraron a escritores y artistas. Adem\u00e1s de orientar al navegante hacia puertos seguros, son valiosos como patrimonio hist\u00f3rico y representan un gran atractivo por su relaci\u00f3n con la [&hellip;]<\/p>\n","protected":false},"author":2,"featured_media":59868,"comment_status":"closed","ping_status":"open","sticky":false,"template":"","format":"standard","meta":{"footnotes":""},"categories":[54],"tags":[],"class_list":["post-59867","post","type-post","status-publish","format-standard","has-post-thumbnail","hentry","category-turismo"],"_links":{"self":[{"href":"https:\/\/clicdenoticias.com\/index.php\/wp-json\/wp\/v2\/posts\/59867","targetHints":{"allow":["GET"]}}],"collection":[{"href":"https:\/\/clicdenoticias.com\/index.php\/wp-json\/wp\/v2\/posts"}],"about":[{"href":"https:\/\/clicdenoticias.com\/index.php\/wp-json\/wp\/v2\/types\/post"}],"author":[{"embeddable":true,"href":"https:\/\/clicdenoticias.com\/index.php\/wp-json\/wp\/v2\/users\/2"}],"replies":[{"embeddable":true,"href":"https:\/\/clicdenoticias.com\/index.php\/wp-json\/wp\/v2\/comments?post=59867"}],"version-history":[{"count":1,"href":"https:\/\/clicdenoticias.com\/index.php\/wp-json\/wp\/v2\/posts\/59867\/revisions"}],"predecessor-version":[{"id":59869,"href":"https:\/\/clicdenoticias.com\/index.php\/wp-json\/wp\/v2\/posts\/59867\/revisions\/59869"}],"wp:featuredmedia":[{"embeddable":true,"href":"https:\/\/clicdenoticias.com\/index.php\/wp-json\/wp\/v2\/media\/59868"}],"wp:attachment":[{"href":"https:\/\/clicdenoticias.com\/index.php\/wp-json\/wp\/v2\/media?parent=59867"}],"wp:term":[{"taxonomy":"category","embeddable":true,"href":"https:\/\/clicdenoticias.com\/index.php\/wp-json\/wp\/v2\/categories?post=59867"},{"taxonomy":"post_tag","embeddable":true,"href":"https:\/\/clicdenoticias.com\/index.php\/wp-json\/wp\/v2\/tags?post=59867"}],"curies":[{"name":"wp","href":"https:\/\/api.w.org\/{rel}","templated":true}]}}