{"id":59876,"date":"2026-09-03T07:55:00","date_gmt":"2026-09-03T10:55:00","guid":{"rendered":"https:\/\/clicdenoticias.com\/?p=59876"},"modified":"2026-09-01T13:55:18","modified_gmt":"2026-09-01T16:55:18","slug":"la-ciudad-de-buenos-aires-dio-un-paso-enorme-en-su-objetivo-para-que-regrese-la-formula-1-a-la-argentina","status":"publish","type":"post","link":"https:\/\/clicdenoticias.com\/index.php\/2026\/09\/03\/la-ciudad-de-buenos-aires-dio-un-paso-enorme-en-su-objetivo-para-que-regrese-la-formula-1-a-la-argentina\/","title":{"rendered":"La Ciudad de Buenos Aires dio un paso enorme en su objetivo para que regrese la F\u00f3rmula 1 a la Argentina"},"content":{"rendered":"\n<p class=\"wp-block-paragraph\"><strong>La Ciudad de Buenos Aires dio un paso gigante en su objetivo de que regrese la F\u00f3rmula 1 a la Argentina<\/strong>, ya que el presidente de la FIA, el emirat\u00ed&nbsp;<strong>Mohammed Ben Sulayem, dio su aval para que contin\u00faen las obras en el Aut\u00f3dromo Juan y Oscar G\u00e1lvez<\/strong>.<\/p>\n\n\n\n<p class=\"wp-block-paragraph\">La&nbsp;<strong>visita de Ben Sulayem<\/strong>&nbsp;<strong>al pa\u00eds<\/strong>&nbsp;se da en el contexto del&nbsp;<strong>Congreso Americano FIA 2026<\/strong>. Antes de asumir la presidencia de la federaci\u00f3n, el emirat\u00ed desarroll\u00f3 una exitosa carrera como piloto profesional de rally y se convirti\u00f3 en una de las figuras m\u00e1s destacadas del automovilismo de Medio Oriente.<\/p>\n\n\n\n<p class=\"wp-block-paragraph\"><strong>La FIA se encarga de homologar los circuitos donde se corre la F\u00f3rmula 1 en todo el mundo.<\/strong>&nbsp;La promoci\u00f3n y organizaci\u00f3n de las carreras la lleva adelante F\u00f3rmula One Group y la Ciudad espera tener la oportunidad de volver a vivir un Gran Premio, justo cuando el piloto argentino Franco Colapinto corre en la m\u00e1xima categor\u00eda.<\/p>\n\n\n\n<p class=\"wp-block-paragraph\">\u201cEstamos haciendo la inversi\u00f3n m\u00e1s importante en la historia del Aut\u00f3dromo de la Ciudad. So\u00f1amos con la vuelta de la F\u00f3rmula 1 y por eso estamos transformando por completo la pista y las instalaciones para que cumpla con todas las exigencias y sea un \u00edcono de Buenos Aires en el mundo\u201d, sostuvo el jefe de Gobierno, Jorge Macri. Lo acompa\u00f1aron el jefe de Gabinete, Gabriel S\u00e1nchez Zinny, y el secretario de Deportes, Fabi\u00e1n \u201cChino\u201d Turnes.<\/p>\n\n\n\n<p class=\"wp-block-paragraph\">\u201cNuestro posicionamiento global, alejado de centros de conflicto, nos vuelve a\u00fan m\u00e1s competitivos. Un ecosistema p\u00fablico-privado virtuoso que se encuentra con algo que no se puede fabricar: la pasi\u00f3n\u201d, afirm\u00f3&nbsp;<strong>Jorge Macri<\/strong>. Y agreg\u00f3:&nbsp;<strong>\u201cEl \u00fanico Aut\u00f3dromo del pa\u00eds que puede recibir a la F\u00f3rmula 1 es el de la Ciudad\u201d.<\/strong><\/p>\n","protected":false},"excerpt":{"rendered":"<p>La Ciudad de Buenos Aires dio un paso gigante en su objetivo de que regrese la F\u00f3rmula 1 a la Argentina, ya que el presidente de la FIA, el emirat\u00ed&nbsp;Mohammed Ben Sulayem, dio su aval para que contin\u00faen las obras en el Aut\u00f3dromo Juan y Oscar G\u00e1lvez. La&nbsp;visita de Ben Sulayem&nbsp;al pa\u00eds&nbsp;se da en el [&hellip;]<\/p>\n","protected":false},"author":2,"featured_media":59877,"comment_status":"closed","ping_status":"open","sticky":false,"template":"","format":"standard","meta":{"footnotes":""},"categories":[50],"tags":[],"class_list":["post-59876","post","type-post","status-publish","format-standard","has-post-thumbnail","hentry","category-deportes"],"_links":{"self":[{"href":"https:\/\/clicdenoticias.com\/index.php\/wp-json\/wp\/v2\/posts\/59876","targetHints":{"allow":["GET"]}}],"collection":[{"href":"https:\/\/clicdenoticias.com\/index.php\/wp-json\/wp\/v2\/posts"}],"about":[{"href":"https:\/\/clicdenoticias.com\/index.php\/wp-json\/wp\/v2\/types\/post"}],"author":[{"embeddable":true,"href":"https:\/\/clicdenoticias.com\/index.php\/wp-json\/wp\/v2\/users\/2"}],"replies":[{"embeddable":true,"href":"https:\/\/clicdenoticias.com\/index.php\/wp-json\/wp\/v2\/comments?post=59876"}],"version-history":[{"count":1,"href":"https:\/\/clicdenoticias.com\/index.php\/wp-json\/wp\/v2\/posts\/59876\/revisions"}],"predecessor-version":[{"id":59878,"href":"https:\/\/clicdenoticias.com\/index.php\/wp-json\/wp\/v2\/posts\/59876\/revisions\/59878"}],"wp:featuredmedia":[{"embeddable":true,"href":"https:\/\/clicdenoticias.com\/index.php\/wp-json\/wp\/v2\/media\/59877"}],"wp:attachment":[{"href":"https:\/\/clicdenoticias.com\/index.php\/wp-json\/wp\/v2\/media?parent=59876"}],"wp:term":[{"taxonomy":"category","embeddable":true,"href":"https:\/\/clicdenoticias.com\/index.php\/wp-json\/wp\/v2\/categories?post=59876"},{"taxonomy":"post_tag","embeddable":true,"href":"https:\/\/clicdenoticias.com\/index.php\/wp-json\/wp\/v2\/tags?post=59876"}],"curies":[{"name":"wp","href":"https:\/\/api.w.org\/{rel}","templated":true}]}}