{"id":59885,"date":"2026-09-03T05:37:00","date_gmt":"2026-09-03T08:37:00","guid":{"rendered":"https:\/\/clicdenoticias.com\/?p=59885"},"modified":"2026-09-01T17:46:32","modified_gmt":"2026-09-01T20:46:32","slug":"el-papel-de-latinoamerica-en-el-mundo-analistas-regionales-debatieron-sobre-las-medidas-politicas-y-economicas","status":"publish","type":"post","link":"https:\/\/clicdenoticias.com\/index.php\/2026\/09\/03\/el-papel-de-latinoamerica-en-el-mundo-analistas-regionales-debatieron-sobre-las-medidas-politicas-y-economicas\/","title":{"rendered":"El papel de Latinoam\u00e9rica en el mundo: analistas regionales debatieron sobre las medidas pol\u00edticas y econ\u00f3micas"},"content":{"rendered":"\n<p class=\"wp-block-paragraph\">Los analistas Carlos Augusto Chac\u00f3n (Colombia), V\u00edctor Manuel \u00c1viles (Chile) y Juan Jos\u00e9 Daboub (El Salvador) dialogaron sobre el rol de Am\u00e9rica Latina en el mundo y el impacto de las medidas pol\u00edticas y econ\u00f3micas.<\/p>\n\n\n\n<p class=\"wp-block-paragraph\">As\u00ed lo expresaron durante el panel&nbsp;<strong>\u00abPol\u00edtica internacional: Am\u00e9rica Latina en el mundo\u00bb<\/strong>, que se desarroll\u00f3 en el marco del evento&nbsp;<a href=\"https:\/\/noticiasargentinas.com\/economia\/para-fundacion-libertad-y-progreso-la-inflacion-de-agosto-sera-de-1-4-_a6a96d0971e20ad033b3409b1\">\u00abVientos de Cambio\u00bb, organizado por la Fundaci\u00f3n Libertad y Progreso<\/a>.<\/p>\n\n\n\n<p class=\"wp-block-paragraph\"><strong>Chac\u00f3n<\/strong>, que se desempe\u00f1a como&nbsp;<strong>director ejecutivo<\/strong>&nbsp;del Instituto de Ciencia Pol\u00edtica Hern\u00e1n Echavarr\u00eda Ol\u00f3zaga (ICP), rechaz\u00f3 las pol\u00edticas de&nbsp;<strong>proteccionismo<\/strong>&nbsp;en la regi\u00f3n y afirm\u00f3 que las mismas generaron \u00abun&nbsp;<strong>mercado negro<\/strong>\u00ab.<\/p>\n\n\n\n<p class=\"wp-block-paragraph\">En la misma l\u00ednea, expres\u00f3 que gran parte de los&nbsp;<strong>Estados latinoamericanos<\/strong>&nbsp;son&nbsp;<strong>deficitarios<\/strong>&nbsp;debido a que no ponen el foco en la&nbsp;<strong>formaci\u00f3n de capital<\/strong>, sino que \u00ab<strong>lo castigan<\/strong>\u00ab.<\/p>\n\n\n\n<p class=\"wp-block-paragraph\">Tambi\u00e9n se\u00f1al\u00f3 al&nbsp;<strong>crimen organizado<\/strong>&nbsp;como otra de las razones que azotan contra la&nbsp;<strong>libertad<\/strong>&nbsp;de los ciudadanos, al tiempo que pidi\u00f3 una&nbsp;<strong>menor intervenci\u00f3n estatal<\/strong>.<\/p>\n","protected":false},"excerpt":{"rendered":"<p>Los analistas Carlos Augusto Chac\u00f3n (Colombia), V\u00edctor Manuel \u00c1viles (Chile) y Juan Jos\u00e9 Daboub (El Salvador) dialogaron sobre el rol de Am\u00e9rica Latina en el mundo y el impacto de las medidas pol\u00edticas y econ\u00f3micas. As\u00ed lo expresaron durante el panel&nbsp;\u00abPol\u00edtica internacional: Am\u00e9rica Latina en el mundo\u00bb, que se desarroll\u00f3 en el marco del evento&nbsp;\u00abVientos [&hellip;]<\/p>\n","protected":false},"author":2,"featured_media":59886,"comment_status":"closed","ping_status":"open","sticky":false,"template":"","format":"standard","meta":{"footnotes":""},"categories":[43],"tags":[],"class_list":["post-59885","post","type-post","status-publish","format-standard","has-post-thumbnail","hentry","category-politica"],"_links":{"self":[{"href":"https:\/\/clicdenoticias.com\/index.php\/wp-json\/wp\/v2\/posts\/59885","targetHints":{"allow":["GET"]}}],"collection":[{"href":"https:\/\/clicdenoticias.com\/index.php\/wp-json\/wp\/v2\/posts"}],"about":[{"href":"https:\/\/clicdenoticias.com\/index.php\/wp-json\/wp\/v2\/types\/post"}],"author":[{"embeddable":true,"href":"https:\/\/clicdenoticias.com\/index.php\/wp-json\/wp\/v2\/users\/2"}],"replies":[{"embeddable":true,"href":"https:\/\/clicdenoticias.com\/index.php\/wp-json\/wp\/v2\/comments?post=59885"}],"version-history":[{"count":1,"href":"https:\/\/clicdenoticias.com\/index.php\/wp-json\/wp\/v2\/posts\/59885\/revisions"}],"predecessor-version":[{"id":59887,"href":"https:\/\/clicdenoticias.com\/index.php\/wp-json\/wp\/v2\/posts\/59885\/revisions\/59887"}],"wp:featuredmedia":[{"embeddable":true,"href":"https:\/\/clicdenoticias.com\/index.php\/wp-json\/wp\/v2\/media\/59886"}],"wp:attachment":[{"href":"https:\/\/clicdenoticias.com\/index.php\/wp-json\/wp\/v2\/media?parent=59885"}],"wp:term":[{"taxonomy":"category","embeddable":true,"href":"https:\/\/clicdenoticias.com\/index.php\/wp-json\/wp\/v2\/categories?post=59885"},{"taxonomy":"post_tag","embeddable":true,"href":"https:\/\/clicdenoticias.com\/index.php\/wp-json\/wp\/v2\/tags?post=59885"}],"curies":[{"name":"wp","href":"https:\/\/api.w.org\/{rel}","templated":true}]}}